{"id":922,"date":"2018-12-20T00:57:17","date_gmt":"2018-12-20T03:57:17","guid":{"rendered":"https:\/\/revistaepocadigital.com.ar\/?p=922"},"modified":"2018-12-24T12:03:14","modified_gmt":"2018-12-24T15:03:14","slug":"solos-en-la-madrugada","status":"publish","type":"post","link":"https:\/\/revistaepocadigital.com.ar\/?p=922","title":{"rendered":"SOLOS EN LA MADRUGADA"},"content":{"rendered":"<p><strong>EL CONCEJO CASI HASTA EL AMANECER.<\/strong><!--more--><\/p>\n<p>Estuvo bien movida la sesi\u00f3n del <strong>Concejo Deliberante de Exaltaci\u00f3n de la Cruz,<\/strong> como otras del per\u00edodo 2018, donde como pocas veces se recuerde en la pol\u00edtica del distrito, el cuerpo presidido por <strong>Ra\u00fal Sancho<\/strong> (Cambiemos), ha deliberado y se ha visto<strong> envuelto en fuertes encontronazos y pol\u00e9micas.<\/strong><\/p>\n<figure id=\"attachment_931\" aria-describedby=\"caption-attachment-931\" style=\"width: 768px\" class=\"wp-caption alignnone\"><img loading=\"lazy\" decoding=\"async\" class=\"size-full wp-image-931\" src=\"https:\/\/revistaepocadigital.com.ar\/wp-content\/uploads\/2018\/12\/hcd18a.jpg\" alt=\"\" width=\"768\" height=\"596\" srcset=\"https:\/\/revistaepocadigital.com.ar\/wp-content\/uploads\/2018\/12\/hcd18a.jpg 768w, https:\/\/revistaepocadigital.com.ar\/wp-content\/uploads\/2018\/12\/hcd18a-300x233.jpg 300w, https:\/\/revistaepocadigital.com.ar\/wp-content\/uploads\/2018\/12\/hcd18a-696x540.jpg 696w, https:\/\/revistaepocadigital.com.ar\/wp-content\/uploads\/2018\/12\/hcd18a-541x420.jpg 541w\" sizes=\"auto, (max-width: 768px) 100vw, 768px\" \/><figcaption id=\"caption-attachment-931\" class=\"wp-caption-text\">La sesi\u00f3n muy extensa y con posiciones enfrentadas en el HCD.<\/figcaption><\/figure>\n<p>La sesi\u00f3n en la que se debati\u00f3 y aprob\u00f3 el <strong>presupuesto municipal para 2019,<\/strong> result\u00f3 otro <strong>reflejo<\/strong> del cuadro de situaci\u00f3n que existe en el HCD, que se descarta, tomar\u00e1 m\u00e1s <strong>voltaje<\/strong> a\u00fan en 2019, a\u00f1o electoral, <strong>clave, crucial<\/strong> para el destino de Exaltaci\u00f3n de la Cruz.<\/p>\n<p>M\u00e1s de nueve horas debatieron los concejales con epicentro en el presupuesto, pero adem\u00e1s abordaron diferentes temas. Sin duda, el de mayor relevancia fue el proyecto de presupuesto 2019 presentado por el Ejecutivo municipal.<br \/>\nComparado con el del a\u00f1o pasado, la norma aprobada fij\u00f3 un<strong> incremento del 35%<\/strong> en consonancia con el mismo aumento promedio que se fij\u00f3 para las tasas municipales, orillando los los <strong>695 millones de pesos,<\/strong> el 59% proveniente de fondos de coparticipaci\u00f3n y provinciales, y el 41% restante originado en el cobro de tasas.<\/p>\n<p>Finalmente y con el amanecer cercano, el <strong>HCD aprob\u00f3<\/strong> el presupuesto; votaron a favor <strong>diez de los catorce concejales<\/strong> que componen el cuerpo. Los integrantes del <strong>bloque Cambiemos,<\/strong> excepto la radical <strong>Graciela Venturino<\/strong> que tambi\u00e9n lo integra, no lo votaron. EPOCA, ante lo aprobado por el HCD y las derivaciones fuertes ocasionadas, entrevist\u00f3 a la concejal<strong> Venturino<\/strong>, una voz que se hizo notar en el per\u00edodo conclu\u00eddo en el HCD.<\/p>\n<p><strong>-\u00bfA que se debi\u00f3 que en relaci\u00f3n al tratamiento del proyecto de presupuesto, su voto fue distinto al del bloque Cambiemos que usted tambi\u00e9n integra?<\/strong><br \/>\n<em>-El presupuesto es la herramienta de gesti\u00f3n del Ejecutivo. Es potestad suya entonces, decidir el uso de las diferentes partidas; esto es en todos los niveles de gobierno: Naci\u00f3n, Provincia y Municipios. Si tanto nuestro presidente como nuestra gobernadora necesitan de su aprobaci\u00f3n para poner en pr\u00e1ctica el proyecto de administraci\u00f3n para el a\u00f1o siguiente, lo mismo ocurre con el ejecutivo municipal, y es nuestra responsabilidad acompa\u00f1ar su aprobaci\u00f3n. Podemos disentir, podemos proponer cambios, pero no podemos dejar sin presupuesto al Ejecutivo, porque de esto depende el incremento de salarios, el sostenimiento del servici<\/em>o<em> de salud, el combustible para los patrulleros policiales, la asistencia social a los que menos tienen, entre otros aspectos claves. En mis tres a\u00f1os como concejal, siempre acompa\u00f1\u00e9 su aprobaci\u00f3n, luego cuando llegue la rendici\u00f3n de cuentas, el intendente deber\u00e1 explicar y demostrar que hizo con cada peso aprobado.<\/em><\/p>\n<figure id=\"attachment_928\" aria-describedby=\"caption-attachment-928\" style=\"width: 448px\" class=\"wp-caption alignnone\"><img loading=\"lazy\" decoding=\"async\" class=\"size-full wp-image-928\" src=\"https:\/\/revistaepocadigital.com.ar\/wp-content\/uploads\/2018\/12\/ventruino-marchese.jpg\" alt=\"\" width=\"448\" height=\"479\" srcset=\"https:\/\/revistaepocadigital.com.ar\/wp-content\/uploads\/2018\/12\/ventruino-marchese.jpg 448w, https:\/\/revistaepocadigital.com.ar\/wp-content\/uploads\/2018\/12\/ventruino-marchese-281x300.jpg 281w, https:\/\/revistaepocadigital.com.ar\/wp-content\/uploads\/2018\/12\/ventruino-marchese-393x420.jpg 393w\" sizes=\"auto, (max-width: 448px) 100vw, 448px\" \/><figcaption id=\"caption-attachment-928\" class=\"wp-caption-text\">La concejal Venturino, expuso ante EPOCA, la postura adoptada en el tratamiento del presupuesto, diferenci\u00e1ndose\u00a0 del resto del bloque Cambiemos que conforma.<\/figcaption><\/figure>\n<p><strong>-\u00bfSe pudo llegar a un consenso en cuanto a las modificaciones que se hab\u00edan propuesto?<\/strong><\/p>\n<p>&#8211;<em>Si bien no tuvimos muchos d\u00edas para trabajar las propuestas, y no podemos como legislativo cambiar las partidas presupuestarias, s\u00ed llegamos a la aprobaci\u00f3n por consenso de ciertas modificaciones que redundar\u00e1n en beneficios por ejemplo para los empleados del municipio.<\/em><em>La escala salarial tendr\u00e1 un aumento de m\u00e1s del 40%, repartido en un 20% en marzo y el otro 20% en junio; adem\u00e1s contar\u00e1 con m\u00ednimos asegurados en determinadas bonificaciones, como lo son el presentismo \u00a0con un piso de $3000 y un techo de $4500, y las referidas a t\u00edtulos terciarios y universitarios. Asimismo se fijaron valores m\u00ednimos para las diferentes categor\u00edas de jornales de 6 a 9 horas de trabajo; guardias m\u00e9dicas, de enfermer\u00eda, hemodinamia y\u00a0 anestesistas, con el fin de garantizar un piso salarial a todos ellos, ya que los m\u00e1ximos aplicables ya figuraban en el proyecto presentado por el Ejecutivo<\/em>.<\/p>\n<p><span style=\"color: #ff6600;\">EL SUELDO DEL INTENDENTE<\/span><\/p>\n<p><strong>-En lo previo, gener\u00f3 controversias el tema relacionado con el sueldo del intendente, \u00bfc\u00f3mo se resolvi\u00f3 la disputa sobre el sueldo del jefe comunal?<\/strong><\/p>\n<p><em>-La Ley Org\u00e1nica de Municipalidades, es la que fija el sueldo del intendente y de los concejales. En el caso del jefe del Ejecutivo, se lo habilita a cobrar un importe de hasta el 100% en concepto de representaci\u00f3n. Si bien es cierto que en el comparativo de los sueldos de la provincia, el del intendente S\u00e1nchez se encuentra entre los m\u00e1s bajos, eso se debe a que tambi\u00e9n los sueldos de los empleados municipales lo est\u00e1n, ya que todos se rigen por la misma escala. Nos pareci\u00f3 excesivo ese porcentaje al igual que el a\u00f1o pasado, as\u00ed que nuevamente con el apoyo de casi todo el cuerpo y la abstenci\u00f3n de los concejales de Defensa Comunal a excepci\u00f3n del concejal Real Salas, se rebaj\u00f3 a 50%,el cobro de los gastos de representaci\u00f3n.<\/em><\/p>\n<p>&#8211;<strong>\u00bfY acerca del concepto de antig\u00fcedad, que tambi\u00e9n origin\u00f3 posturas enfrentadas?<\/strong><\/p>\n<p><em>-Respecto al cobro del 1% de antig\u00fcedad, es una bonificaci\u00f3n que modificamos el a\u00f1o pasado la forma de calcularla, pero el Tribunal de Cuentas m\u00e1s tarde se expidi\u00f3 en contra de dicha modificaci\u00f3n. Por eso la mayor\u00eda no acompa\u00f1amos la propuesta para cambiar\u00a0 ese art\u00edculo nuevamente. Por otra parte es preciso reconocer que aquellos directores o secretarios que tienen a\u00f1os de carrera, dentro de la administraci\u00f3n p\u00fablica tienen derecho al cobro de la misma.<\/em><\/p>\n<p><span style=\"color: #ff6600;\">NO SE CONTEMPLAN NUEVAS OBRAS P\u00daBLICAS<\/span><\/p>\n<p><strong>-Se ha fijado que el presupuesto municipal para 2019, no contempla la ejecuci\u00f3n de obras p\u00fablicas, \u00bfqu\u00e9 ocurrir\u00e1 en tal sentido el a\u00f1o entrante?<\/strong><\/p>\n<p><em>-En el presupuesto votado no hay partidas destinadas a ninguna obra p\u00fablica de envergadura, s\u00ed en lo concerniente a mantenimiento, bacheos de calles, etc. Del presupuesto 2018 qued\u00f3 pendiente la obra de cloacas en el barrio El Bajo de Los Cardales, debido a que los costos se modificaron por la inflaci\u00f3n. Desde ya, creo que es preocupante que no haya proyectada ninguna obra para el 2019, pero peor ser\u00eda que la hubieran propuesto como una mera promesa pol\u00edtica, y luego no se pudiera concretar. Ojal\u00e1 en el transcurso del a\u00f1o que viene, y con la llegada de fondos de la provincia, se<\/em> <em>puedan completar las obras que quedaron pendiente y otras que se proyecten.<\/em><\/p>\n<p>&nbsp;<\/p>\n<p>Fotos: gentileza E. Marchese<\/p>\n<p>&nbsp;<\/p>\n","protected":false},"excerpt":{"rendered":"<p>EL CONCEJO CASI HASTA EL AMANECER.<\/p>\n","protected":false},"author":3,"featured_media":930,"comment_status":"open","ping_status":"open","sticky":false,"template":"","format":"standard","meta":{"footnotes":"","jetpack_publicize_message":"","jetpack_publicize_feature_enabled":true,"jetpack_social_post_already_shared":false,"jetpack_social_options":{"image_generator_settings":{"template":"highway","default_image_id":0,"font":"","enabled":false},"version":2}},"categories":[13,16],"tags":[94,93,37,99],"class_list":["post-922","post","type-post","status-publish","format-standard","has-post-thumbnail","hentry","category-interes-general","category-municipales","tag-concejal-venturino","tag-concejo-deliberante","tag-destacada","tag-recomendada"],"jetpack_publicize_connections":[],"jetpack_featured_media_url":"https:\/\/revistaepocadigital.com.ar\/wp-content\/uploads\/2018\/12\/hcd-18.jpg","jetpack_likes_enabled":true,"_links":{"self":[{"href":"https:\/\/revistaepocadigital.com.ar\/index.php?rest_route=\/wp\/v2\/posts\/922","targetHints":{"allow":["GET"]}}],"collection":[{"href":"https:\/\/revistaepocadigital.com.ar\/index.php?rest_route=\/wp\/v2\/posts"}],"about":[{"href":"https:\/\/revistaepocadigital.com.ar\/index.php?rest_route=\/wp\/v2\/types\/post"}],"author":[{"embeddable":true,"href":"https:\/\/revistaepocadigital.com.ar\/index.php?rest_route=\/wp\/v2\/users\/3"}],"replies":[{"embeddable":true,"href":"https:\/\/revistaepocadigital.com.ar\/index.php?rest_route=%2Fwp%2Fv2%2Fcomments&post=922"}],"version-history":[{"count":0,"href":"https:\/\/revistaepocadigital.com.ar\/index.php?rest_route=\/wp\/v2\/posts\/922\/revisions"}],"wp:featuredmedia":[{"embeddable":true,"href":"https:\/\/revistaepocadigital.com.ar\/index.php?rest_route=\/wp\/v2\/media\/930"}],"wp:attachment":[{"href":"https:\/\/revistaepocadigital.com.ar\/index.php?rest_route=%2Fwp%2Fv2%2Fmedia&parent=922"}],"wp:term":[{"taxonomy":"category","embeddable":true,"href":"https:\/\/revistaepocadigital.com.ar\/index.php?rest_route=%2Fwp%2Fv2%2Fcategories&post=922"},{"taxonomy":"post_tag","embeddable":true,"href":"https:\/\/revistaepocadigital.com.ar\/index.php?rest_route=%2Fwp%2Fv2%2Ftags&post=922"}],"curies":[{"name":"wp","href":"https:\/\/api.w.org\/{rel}","templated":true}]}}