{"id":9221,"date":"2021-02-26T00:26:13","date_gmt":"2021-02-26T03:26:13","guid":{"rendered":"https:\/\/revistaepocadigital.com.ar\/?p=9221"},"modified":"2021-02-26T00:26:13","modified_gmt":"2021-02-26T03:26:13","slug":"reparan-el-techo-del-club-honor-y-patria","status":"publish","type":"post","link":"https:\/\/revistaepocadigital.com.ar\/?p=9221","title":{"rendered":"Reparan el techo del Club Honor y Patria"},"content":{"rendered":"<div class=\"\" dir=\"auto\">\n<div id=\"jsc_c_wx\" class=\"ecm0bbzt hv4rvrfc ihqw7lf3 dati1w0a\" data-ad-comet-preview=\"message\" data-ad-preview=\"message\">\n<div class=\"j83agx80 cbu4d94t ew0dbk1b irj2b8pg\">\n<div class=\"qzhwtbm6 knvmm38d\">\n<div class=\"kvgmc6g5 cxmmr5t8 oygrvhab hcukyx3x c1et5uql ii04i59q\">\n<div dir=\"auto\"><strong>ENTIDAD INSIGNA DE CAPILLA DEL SE\u00d1OR Y LA ZONA.<!--more--><\/strong><\/div>\n<div dir=\"auto\"><\/div>\n<\/div>\n<div class=\"o9v6fnle cxmmr5t8 oygrvhab hcukyx3x c1et5uql ii04i59q\">\n<div dir=\"auto\">El Club Honor y Patria de Capilla del Se\u00f1or comenz\u00f3 con los trabajos de recambio del techo del gimnasio y del sal\u00f3n del segundo piso de la entidad capillense. Un subsidio de 800 mil pesos gestionados en julio del a\u00f1o pasado por el municipio, se est\u00e1 volcando en la obra.<\/div>\n<div dir=\"auto\"><\/div>\n<\/div>\n<div class=\"o9v6fnle cxmmr5t8 oygrvhab hcukyx3x c1et5uql ii04i59q\">\n<div dir=\"auto\">Los recursos son parte del programa del gobierno nacional \u201cClubes en Obra\u201d, y fueron confirmados en agosto de 2020 luego de gestiones del intendente Nanni junto al ministro de Turismo y Deportes, Mat\u00edas Lammens.<\/div>\n<div dir=\"auto\"><\/div>\n<\/div>\n<div dir=\"auto\"><img loading=\"lazy\" decoding=\"async\" class=\"aligncenter size-full wp-image-9223\" src=\"https:\/\/revistaepocadigital.com.ar\/wp-content\/uploads\/2021\/02\/club-hyp2.jpg\" alt=\"\" width=\"640\" height=\"360\" srcset=\"https:\/\/revistaepocadigital.com.ar\/wp-content\/uploads\/2021\/02\/club-hyp2.jpg 640w, https:\/\/revistaepocadigital.com.ar\/wp-content\/uploads\/2021\/02\/club-hyp2-300x169.jpg 300w\" sizes=\"auto, (max-width: 640px) 100vw, 640px\" \/><\/div>\n<div class=\"o9v6fnle cxmmr5t8 oygrvhab hcukyx3x c1et5uql ii04i59q\">\n<div dir=\"auto\"><\/div>\n<div dir=\"auto\">\u201cLos fondos recibidos por el Programa \u2018Clubes en Obra\u2019 fueron destinados en su totalidad a realizar esta inversi\u00f3n, que entend\u00edamos est\u00e1bamos necesitando y se hac\u00eda muy cuesta arriba realizarla\u201d, dijeron desde la dirigencia de Honor y Patria que agradeci\u00f3 &#8220;al intendente y a todo su equipo por el apoyo brindado. Seguiremos trabajando para poder mejorar las instalaciones de nuestro querido club\u201d.<\/div>\n<\/div>\n<\/div>\n<\/div>\n<\/div>\n<\/div>\n<div id=\"jsc_c_wy\" class=\"l9j0dhe7\">\n<div class=\"l9j0dhe7\">\n<div>\n<div>\n<div class=\"l9j0dhe7\">\n<div class=\"l9j0dhe7\">\n<div class=\"ni8dbmo4 stjgntxs pmk7jnqg\"><\/div>\n<\/div>\n<\/div>\n<\/div>\n<\/div>\n<\/div>\n<\/div>\n<p>&nbsp;<\/p>\n","protected":false},"excerpt":{"rendered":"<p>ENTIDAD INSIGNA DE CAPILLA DEL SE\u00d1OR Y LA ZONA.<\/p>\n","protected":false},"author":3,"featured_media":9222,"comment_status":"open","ping_status":"open","sticky":false,"template":"","format":"standard","meta":{"footnotes":"","jetpack_publicize_message":"","jetpack_publicize_feature_enabled":true,"jetpack_social_post_already_shared":false,"jetpack_social_options":{"image_generator_settings":{"template":"highway","default_image_id":0,"font":"","enabled":false},"version":2}},"categories":[13],"tags":[447,344],"class_list":["post-9221","post","type-post","status-publish","format-standard","has-post-thumbnail","hentry","category-interes-general","tag-club-honor-y-patria","tag-obras"],"jetpack_publicize_connections":[],"jetpack_featured_media_url":"https:\/\/revistaepocadigital.com.ar\/wp-content\/uploads\/2021\/02\/club-hyp.jpg","jetpack_likes_enabled":true,"_links":{"self":[{"href":"https:\/\/revistaepocadigital.com.ar\/index.php?rest_route=\/wp\/v2\/posts\/9221","targetHints":{"allow":["GET"]}}],"collection":[{"href":"https:\/\/revistaepocadigital.com.ar\/index.php?rest_route=\/wp\/v2\/posts"}],"about":[{"href":"https:\/\/revistaepocadigital.com.ar\/index.php?rest_route=\/wp\/v2\/types\/post"}],"author":[{"embeddable":true,"href":"https:\/\/revistaepocadigital.com.ar\/index.php?rest_route=\/wp\/v2\/users\/3"}],"replies":[{"embeddable":true,"href":"https:\/\/revistaepocadigital.com.ar\/index.php?rest_route=%2Fwp%2Fv2%2Fcomments&post=9221"}],"version-history":[{"count":0,"href":"https:\/\/revistaepocadigital.com.ar\/index.php?rest_route=\/wp\/v2\/posts\/9221\/revisions"}],"wp:featuredmedia":[{"embeddable":true,"href":"https:\/\/revistaepocadigital.com.ar\/index.php?rest_route=\/wp\/v2\/media\/9222"}],"wp:attachment":[{"href":"https:\/\/revistaepocadigital.com.ar\/index.php?rest_route=%2Fwp%2Fv2%2Fmedia&parent=9221"}],"wp:term":[{"taxonomy":"category","embeddable":true,"href":"https:\/\/revistaepocadigital.com.ar\/index.php?rest_route=%2Fwp%2Fv2%2Fcategories&post=9221"},{"taxonomy":"post_tag","embeddable":true,"href":"https:\/\/revistaepocadigital.com.ar\/index.php?rest_route=%2Fwp%2Fv2%2Ftags&post=9221"}],"curies":[{"name":"wp","href":"https:\/\/api.w.org\/{rel}","templated":true}]}}