{"id":9238,"date":"2021-02-27T00:58:46","date_gmt":"2021-02-27T03:58:46","guid":{"rendered":"https:\/\/revistaepocadigital.com.ar\/?p=9238"},"modified":"2021-02-27T00:58:46","modified_gmt":"2021-02-27T03:58:46","slug":"nueva-entrada-a-robles","status":"publish","type":"post","link":"https:\/\/revistaepocadigital.com.ar\/?p=9238","title":{"rendered":"Nueva entrada a Robles"},"content":{"rendered":"<div class=\"buofh1pr\">\n<div class=\"j83agx80 cbu4d94t ew0dbk1b irj2b8pg\"><\/div>\n<\/div>\n<div class=\"\" dir=\"auto\">\n<div id=\"jsc_c_5w\" class=\"ecm0bbzt hv4rvrfc ihqw7lf3 dati1w0a\" data-ad-comet-preview=\"message\" data-ad-preview=\"message\">\n<div class=\"j83agx80 cbu4d94t ew0dbk1b irj2b8pg\">\n<div class=\"qzhwtbm6 knvmm38d\">\n<div class=\"kvgmc6g5 cxmmr5t8 oygrvhab hcukyx3x c1et5uql ii04i59q\">\n<div dir=\"auto\"><strong>EN OBRAS.<!--more--><\/strong><\/div>\n<\/div>\n<div class=\"o9v6fnle cxmmr5t8 oygrvhab hcukyx3x c1et5uql ii04i59q\">\n<div dir=\"auto\">Personal de la Secretar\u00eda de Higiene Urbana y de la delegaci\u00f3n de Parada Robles, iniciaron las obras que dotar\u00e1n a la localidad de una nueva entrada vehicular.<\/div>\n<div dir=\"auto\"><\/div>\n<div dir=\"auto\">La actual calle de acceso, va a convertirse en un boulevard, de esa forma aumentar\u00e1 la seguridad vial y mejorar\u00e1 la fisonom\u00eda y est\u00e9tica de ese sector de Parada Robles, localidad de Exaltaci\u00f3n de la Cruz con un incesante crecimiento poblacional, permanente y transitorio.<\/div>\n<\/div>\n<div dir=\"auto\"><\/div>\n<div dir=\"auto\"><img loading=\"lazy\" decoding=\"async\" class=\"alignleft size-full wp-image-9242\" src=\"https:\/\/revistaepocadigital.com.ar\/wp-content\/uploads\/2021\/02\/154736716_4118509841535277_4472549466219481018_o.jpg\" alt=\"\" width=\"900\" height=\"600\" srcset=\"https:\/\/revistaepocadigital.com.ar\/wp-content\/uploads\/2021\/02\/154736716_4118509841535277_4472549466219481018_o.jpg 900w, https:\/\/revistaepocadigital.com.ar\/wp-content\/uploads\/2021\/02\/154736716_4118509841535277_4472549466219481018_o-300x200.jpg 300w, https:\/\/revistaepocadigital.com.ar\/wp-content\/uploads\/2021\/02\/154736716_4118509841535277_4472549466219481018_o-768x512.jpg 768w, https:\/\/revistaepocadigital.com.ar\/wp-content\/uploads\/2021\/02\/154736716_4118509841535277_4472549466219481018_o-696x464.jpg 696w, https:\/\/revistaepocadigital.com.ar\/wp-content\/uploads\/2021\/02\/154736716_4118509841535277_4472549466219481018_o-630x420.jpg 630w\" sizes=\"auto, (max-width: 900px) 100vw, 900px\" \/><\/div>\n<\/div>\n<\/div>\n<div dir=\"auto\"><\/div>\n<div class=\"j83agx80 cbu4d94t ew0dbk1b irj2b8pg\">\n<div class=\"qzhwtbm6 knvmm38d\">\n<div class=\"o9v6fnle cxmmr5t8 oygrvhab hcukyx3x c1et5uql ii04i59q\">\n<div dir=\"auto\">Las obras comenzaron con tareas de limpieza, y continuaban con el nuevo el nuevo sistema pluvial entubado, que permitir\u00e1 el escurrimiento del agua sin zanjas a la vista. Luego comenzaba el trabajo de ampliaci\u00f3n de la calzada. Se complementar\u00e1 el nuevo acceso con tareas apuntadas en beneficio de los peatones, se iban a hacer nuevas veredas y un cantero central en la avenida, que contar\u00e1 con plantas y arreglos ornamentales, a modo divisorio, cuidando la est\u00e9tica del sector.<\/div>\n<div dir=\"auto\"><\/div>\n<div dir=\"auto\">A su vez, enfocado tambi\u00e9n en la seguridad vial en horas nocturnas, se instalar\u00e1n nuevos equipos de luces de led, que mejorar\u00e1n la visibilidad y permitir\u00e1n, adem\u00e1s, un mejor desempe\u00f1o de las c\u00e1maras de seguridad, en beneficio de los vecinos y vecinas de Parada Robles.<\/div>\n<div dir=\"auto\"><\/div>\n<\/div>\n<div dir=\"auto\">Por otra parte, constru\u00eda la Delegaci\u00f3n Municipal de Parada Robles, dos nuevos refugios para pasajeros del transporte p\u00fablico, en este caso ubicados frente al Jard\u00edn 903, a ambos lados de la Ruta 193.<\/div>\n<\/div>\n<div dir=\"auto\"><img loading=\"lazy\" decoding=\"async\" class=\"alignleft size-large wp-image-9243\" src=\"https:\/\/revistaepocadigital.com.ar\/wp-content\/uploads\/2021\/02\/154537289_4128968943822700_4553348609789063066_o-1200x797.jpg\" alt=\"\" width=\"696\" height=\"462\" srcset=\"https:\/\/revistaepocadigital.com.ar\/wp-content\/uploads\/2021\/02\/154537289_4128968943822700_4553348609789063066_o-1200x797.jpg 1200w, https:\/\/revistaepocadigital.com.ar\/wp-content\/uploads\/2021\/02\/154537289_4128968943822700_4553348609789063066_o-300x199.jpg 300w, https:\/\/revistaepocadigital.com.ar\/wp-content\/uploads\/2021\/02\/154537289_4128968943822700_4553348609789063066_o-768x510.jpg 768w, https:\/\/revistaepocadigital.com.ar\/wp-content\/uploads\/2021\/02\/154537289_4128968943822700_4553348609789063066_o-696x462.jpg 696w, https:\/\/revistaepocadigital.com.ar\/wp-content\/uploads\/2021\/02\/154537289_4128968943822700_4553348609789063066_o-1068x709.jpg 1068w, https:\/\/revistaepocadigital.com.ar\/wp-content\/uploads\/2021\/02\/154537289_4128968943822700_4553348609789063066_o-632x420.jpg 632w, https:\/\/revistaepocadigital.com.ar\/wp-content\/uploads\/2021\/02\/154537289_4128968943822700_4553348609789063066_o-1265x840.jpg 1265w, https:\/\/revistaepocadigital.com.ar\/wp-content\/uploads\/2021\/02\/154537289_4128968943822700_4553348609789063066_o.jpg 1280w\" sizes=\"auto, (max-width: 696px) 100vw, 696px\" \/><\/div>\n<\/div>\n<\/div>\n<\/div>\n<div id=\"jsc_c_5x\" class=\"l9j0dhe7\">\n<div class=\"l9j0dhe7\">\n<div class=\"l9j0dhe7\">\n<div class=\"l9j0dhe7\">\n<div class=\"ni8dbmo4 stjgntxs pmk7jnqg\">\n<div class=\"\" dir=\"auto\">\n<div id=\"jsc_c_2y\" class=\"ecm0bbzt hv4rvrfc ihqw7lf3 dati1w0a\" data-ad-comet-preview=\"message\" data-ad-preview=\"message\">\n<div class=\"j83agx80 cbu4d94t ew0dbk1b irj2b8pg\">\n<div class=\"qzhwtbm6 knvmm38d\">\n<div class=\"o9v6fnle cxmmr5t8 oygrvhab hcukyx3x c1et5uql ii04i59q\">\n<div dir=\"auto\"><\/div>\n<div dir=\"auto\">Las obras estaban en pleno desarrollo; desde la Delegaci\u00f3n estimaron que ser\u00e1n finalizadas en las pr\u00f3ximas semanas, siempre que el clima no altere el cronograma previsto. Tiempo atr\u00e1s en el acceso a Robles, se hicieron tambi\u00e9n refugios a cargo del mismo modo de la Delegaci\u00f3n.<\/div>\n<\/div>\n<\/div>\n<\/div>\n<\/div>\n<\/div>\n<\/div>\n<\/div>\n<\/div>\n<\/div>\n<\/div>\n","protected":false},"excerpt":{"rendered":"<p>EN OBRAS.<\/p>\n","protected":false},"author":3,"featured_media":9241,"comment_status":"open","ping_status":"open","sticky":false,"template":"","format":"standard","meta":{"footnotes":"","jetpack_publicize_message":"","jetpack_publicize_feature_enabled":true,"jetpack_social_post_already_shared":false,"jetpack_social_options":{"image_generator_settings":{"template":"highway","default_image_id":0,"font":"","enabled":false},"version":2}},"categories":[5],"tags":[1236,1237],"class_list":["post-9238","post","type-post","status-publish","format-standard","has-post-thumbnail","hentry","category-aqui-parada-robles","tag-nuevo-acceso","tag-refugios-pasajeros"],"jetpack_publicize_connections":[],"jetpack_featured_media_url":"https:\/\/revistaepocadigital.com.ar\/wp-content\/uploads\/2021\/02\/155047776_4118509848201943_1045490588882521748_o.jpg","jetpack_likes_enabled":true,"_links":{"self":[{"href":"https:\/\/revistaepocadigital.com.ar\/index.php?rest_route=\/wp\/v2\/posts\/9238","targetHints":{"allow":["GET"]}}],"collection":[{"href":"https:\/\/revistaepocadigital.com.ar\/index.php?rest_route=\/wp\/v2\/posts"}],"about":[{"href":"https:\/\/revistaepocadigital.com.ar\/index.php?rest_route=\/wp\/v2\/types\/post"}],"author":[{"embeddable":true,"href":"https:\/\/revistaepocadigital.com.ar\/index.php?rest_route=\/wp\/v2\/users\/3"}],"replies":[{"embeddable":true,"href":"https:\/\/revistaepocadigital.com.ar\/index.php?rest_route=%2Fwp%2Fv2%2Fcomments&post=9238"}],"version-history":[{"count":0,"href":"https:\/\/revistaepocadigital.com.ar\/index.php?rest_route=\/wp\/v2\/posts\/9238\/revisions"}],"wp:featuredmedia":[{"embeddable":true,"href":"https:\/\/revistaepocadigital.com.ar\/index.php?rest_route=\/wp\/v2\/media\/9241"}],"wp:attachment":[{"href":"https:\/\/revistaepocadigital.com.ar\/index.php?rest_route=%2Fwp%2Fv2%2Fmedia&parent=9238"}],"wp:term":[{"taxonomy":"category","embeddable":true,"href":"https:\/\/revistaepocadigital.com.ar\/index.php?rest_route=%2Fwp%2Fv2%2Fcategories&post=9238"},{"taxonomy":"post_tag","embeddable":true,"href":"https:\/\/revistaepocadigital.com.ar\/index.php?rest_route=%2Fwp%2Fv2%2Ftags&post=9238"}],"curies":[{"name":"wp","href":"https:\/\/api.w.org\/{rel}","templated":true}]}}