{"id":9252,"date":"2021-02-28T13:52:06","date_gmt":"2021-02-28T16:52:06","guid":{"rendered":"https:\/\/revistaepocadigital.com.ar\/?p=9252"},"modified":"2021-02-28T13:52:23","modified_gmt":"2021-02-28T16:52:23","slug":"el-intedente-nanni-no-nos-negamos-a-la-sesion-extraordinaria-ni-a-dar-informacion","status":"publish","type":"post","link":"https:\/\/revistaepocadigital.com.ar\/?p=9252","title":{"rendered":"El intendente Nanni. &#8220;No nos negamos a la sesi\u00f3n extraordinaria, ni a dar informaci\u00f3n&#8221;"},"content":{"rendered":"<div class=\"msg-body P_wpofO mq_AS\" data-test-id=\"message-view-body-content\">\n<div class=\"jb_0 X_6MGW N_6Fd5\">\n<div dir=\"ltr\"><strong>LA VACUNACI\u00d3N CONTRA EL CORONAVIRUS EN EXALTACI\u00d3N DE LA CRUZ.<!--more--><\/strong><\/div>\n<div dir=\"ltr\"><\/div>\n<div dir=\"ltr\">Tambi\u00e9n genera repercusiones en los pobladores mientras se desarrolla, habiendo comenzado en la <strong>Escuela 8 del Barrio San Jos\u00e9 para trasladarse al Complejo Andr\u00e9s Salgado (la pileta municipal)<\/strong> ubicado en la calle Sosa de Capilla del Se\u00f1or. El bloque de Juntos por el Cambio en el Concejo Deliberante, solicit\u00f3 explicaciones por lo que elev\u00f3 un pedido para la realizaci\u00f3n de una sesi\u00f3n extraordinaria que, despu\u00e9s el mismo bloque cuestion\u00f3, critic\u00f3, porque consider\u00f3 que el oficialismo dilat\u00f3 esa sesi\u00f3n.<\/div>\n<div dir=\"ltr\"><\/div>\n<div dir=\"ltr\">La sensibilidad que genera el tema, se acentu\u00f3 en forma muy considerable luego del esc\u00e1ndalo surgido en el gobierno nacional, a descubrirse un &#8220;vacunatorio Vip&#8221;, que llev\u00f3 a que el presidente <strong>Alberto Fern\u00e1ndez<\/strong> le pidiera la renuncia al ahora ex ministro de salud, <strong>Gin\u00e9s Gonz\u00e1lez Garc\u00eda<\/strong>. Las muy graves derivaciones se expanden, conoci\u00e9ndose m\u00e1s detalles que han revelado entretelones inconcebibles.<\/div>\n<div dir=\"ltr\"><\/div>\n<div dir=\"ltr\">Ante el cariz de los acontecimientos en el pa\u00eds, y en funci\u00f3n de la situaci\u00f3n de la <strong>vacunaci\u00f3n en Exaltaci\u00f3n de la Cruz<\/strong>, EPOCA habl\u00f3 en exclusiva con el intendente\u00a0 <strong>Diego Nanni.<\/strong><\/div>\n<\/div>\n<\/div>\n<div dir=\"ltr\"><\/div>\n<div dir=\"ltr\"><img loading=\"lazy\" decoding=\"async\" class=\"alignleft size-full wp-image-9263\" src=\"https:\/\/revistaepocadigital.com.ar\/wp-content\/uploads\/2021\/02\/149988479_4098260143560247_3473034445890342641_n.jpg\" alt=\"\" width=\"512\" height=\"383\" srcset=\"https:\/\/revistaepocadigital.com.ar\/wp-content\/uploads\/2021\/02\/149988479_4098260143560247_3473034445890342641_n.jpg 512w, https:\/\/revistaepocadigital.com.ar\/wp-content\/uploads\/2021\/02\/149988479_4098260143560247_3473034445890342641_n-300x224.jpg 300w, https:\/\/revistaepocadigital.com.ar\/wp-content\/uploads\/2021\/02\/149988479_4098260143560247_3473034445890342641_n-80x60.jpg 80w, https:\/\/revistaepocadigital.com.ar\/wp-content\/uploads\/2021\/02\/149988479_4098260143560247_3473034445890342641_n-160x120.jpg 160w, https:\/\/revistaepocadigital.com.ar\/wp-content\/uploads\/2021\/02\/149988479_4098260143560247_3473034445890342641_n-265x198.jpg 265w\" sizes=\"auto, (max-width: 512px) 100vw, 512px\" \/><\/div>\n<div dir=\"ltr\"><\/div>\n<div class=\"msg-body P_wpofO mq_AS\" data-test-id=\"message-view-body-content\">\n<div class=\"jb_0 X_6MGW N_6Fd5\">\n<div dir=\"ltr\"><\/div>\n<div dir=\"ltr\"><em>&#8220;Todos saben que desde el comienzo de la pandemia, desde el municipio con el \u00e1rea de Salud al frente, hemos hecho y seguimos trabajando en el mismo sentido, poniendo los mayores esfuerzos con la gran capacidad profesional que contamos en salud en nuestro distrito&#8221;,<\/em> sostuvo el intendente.<\/div>\n<div dir=\"ltr\"><\/div>\n<div dir=\"ltr\">Cuando EPOCA le pregunt\u00f3 al jefe comunal acerca de la petici\u00f3n del bloque de Juntos por el Cambio en el HCD, dijo <em>&#8220;hace unos d\u00edas el intendente de Campana consult\u00f3 o solicit\u00f3 a la gobernaci\u00f3n, acerca de abrir p\u00fablicamente informaci\u00f3n perteneciente al programa de vacunaci\u00f3n y desde la gobernaci\u00f3n le respondieron con un documento <\/em>(m\u00e1s abajo se transcribe)<em>. En cuanto a Exaltaci\u00f3n de la Cruz, tambi\u00e9n present\u00f3 su inquietud a la Asesor\u00eda General de Gobierno el viernes \u00faltimo (26\/2) por la ma\u00f1ana. Fue despu\u00e9s de una reuni\u00f3n que mantuvimos con el concejal Ra\u00fal Sancho&#8221;.<\/em><\/div>\n<div dir=\"ltr\"><\/div>\n<div dir=\"ltr\"><strong>&#8220;<em>No nos negamos a la sesi\u00f3n extraordinaria solicitada<\/em><\/strong> -enfatiz\u00f3 Nanni-<strong>,<em> lo que hemos sostenido fue la propuesta de llevarla a cabo el martes<\/em><\/strong>(2\/3, luego que el lunes 1\/3 comenzara el per\u00edodo ordinario de sesiones 2021)&#8221;.\u00a0 Enseguida aclar\u00f3 el jefe comunal, <em><strong>&#8220;tampoco negamos la informaci\u00f3n,<\/strong> s\u00f3lo que \u00e9sta tiene que darse en un encuadre judicial, que en caso que el intendente no lo cumpliera, podr\u00eda ser objeto que se le iniciara una causa judicial por violar la ley de Habeas Data. No se viola por nuestra parte la ley de Habeas Data, es la asesor\u00eda o un juez el que me lo tiene qu\u00e9 determinar, y por lo tanto <strong>no puede ser cualquiera<\/strong><strong>sin saber las implicancias.<\/strong> Insisto, estoy a la espera de la respuesta de la asesor\u00eda legal de la gobernaci\u00f3n, para contar con la documentaci\u00f3n, sino me van a decir que queda todo en palabras&#8221;.<\/em><\/div>\n<\/div>\n<\/div>\n<div dir=\"ltr\"><\/div>\n<div dir=\"ltr\"><\/div>\n<div dir=\"ltr\"><img loading=\"lazy\" decoding=\"async\" class=\"alignleft size-medium wp-image-9264\" src=\"https:\/\/revistaepocadigital.com.ar\/wp-content\/uploads\/2021\/02\/nanni.21-300x245.jpg\" alt=\"\" width=\"300\" height=\"245\" srcset=\"https:\/\/revistaepocadigital.com.ar\/wp-content\/uploads\/2021\/02\/nanni.21-300x245.jpg 300w, https:\/\/revistaepocadigital.com.ar\/wp-content\/uploads\/2021\/02\/nanni.21-515x420.jpg 515w, https:\/\/revistaepocadigital.com.ar\/wp-content\/uploads\/2021\/02\/nanni.21.jpg 574w\" sizes=\"auto, (max-width: 300px) 100vw, 300px\" \/><\/div>\n<div dir=\"ltr\"><strong>Insisti\u00f3 Nanni\u00a0<\/strong> a continuaci\u00f3n que<em> &#8220;por mi parte en Exaltaci\u00f3n de la Cruz, digo que <strong>nadie se niega a la transparencia en los actos de gobierno, en absoluto, y menos a\u00fan en cuestiones de salud.<\/strong> Por nuestra parte nos conducimos como corresponde, <strong>no todos somos lo mismo, ac\u00e1 sabemos quien es quien<\/strong> y si hubo alguien mal vacunado que logr\u00f3 influenciar en alg\u00fan actor del plan de vacunaci\u00f3n, <strong>no tuvo el visto bueno de ning\u00fan integrante del \u00e1rea de Salud del municipio.<\/strong> Yo creo que somos de los que podemos estar tranquilos, y explicar si hay una o cinco injusticias en 2000 vacunados, entre los que no est\u00e1n mi madre ni mis suegros quienes se anotaron como tantas personas, y aguardan la vacuna como corresponde&#8221;.<\/em><\/div>\n<div dir=\"ltr\"><\/div>\n<div dir=\"ltr\">Sobre la vacuna y el proceso de vacunaci\u00f3n en marcha en la <strong>Argentina, Nanni<\/strong> expres\u00f3<em><strong> &#8220;siempre hay que apostar a la claridad,<\/strong> hablando sin dejar de tener en\u00a0 consideraci\u00f3n un contexto determinado en el\u00a0 que por ejemplo, en su momento no se autoriz\u00f3 a vacunarse a personas mayores de 60 a\u00f1os, y en el que tambi\u00e9n hab\u00eda mucho escepticismo en relaci\u00f3n a la vacuna como no dio despu\u00e9s. A su vez, ahora tambi\u00e9n hay que discutir a quienes consideramos nosotros, personal estrat\u00e9gico para garantizar el funcionamiento del Estado&#8221;.<\/em><\/div>\n<div dir=\"ltr\"><\/div>\n<div dir=\"ltr\" style=\"text-align: center;\"><strong>&#8212;&#8212;&#8212;&#8212;<\/strong><\/div>\n<div dir=\"ltr\"><\/div>\n<div class=\"msg-body P_wpofO mq_AS\" data-test-id=\"message-view-body-content\">\n<div class=\"jb_0 X_6MGW N_6Fd5\">\n<div dir=\"ltr\">Ac\u00e1 reproducimos la nota-respuesta remitida desde la gobernaci\u00f3n al intendente de Campana, a la que aludi\u00f3 Nanni:<\/div>\n<\/div>\n<\/div>\n<div class=\"jb_0 X_6MGW N_6Fd5\">\n<div class=\"P_0 je_fq7\">\n<div class=\"W_3n93F p_R\" data-test-id=\"attachment-item\">\n<div class=\"A_6Eb4 i_6FIA J_x D_F r_P\">\n<div class=\"en_0\">\n<div><\/div>\n<div><\/div>\n<div class=\"D_F u_e69\">Sr. Intendente<\/div>\n<\/div>\n<\/div>\n<\/div>\n<\/div>\n<\/div>\n<p>Municipalidad de Campana<\/p>\n<p>&nbsp;<\/p>\n<p>Me dirijo a usted en virtud de su nota de fecha 20 de febrero del corriente, mediante la cual se solicita al Gobernador de la Provincia la remisi\u00f3n de informaci\u00f3n relativa a la identidad de las personas vacunadas en ese distrito, as\u00ed como de las personas con domicilio en Campana que hubieran recibido la vacuna en otro distrito y el detalle de las personas que han sido seleccionadas para recibir la vacuna, todo ello con el objetivo de actuar como \u00f3rgano de contralor y evitar as\u00ed cualquier hecho de desigualdad que pudiera suscitarse respecto de la vacunaci\u00f3n.<\/p>\n<p>Al respecto, debe tenerse presente que la informaci\u00f3n solicitada no puede ser remitida en virtud de encontrarse prohibida su divulgaci\u00f3n por la Ley 25.326 de Protecci\u00f3n de Datos Personales.<\/p>\n<p>En ese sentido, de acuerdo a lo establecido por los art\u00edculos 2\u00b0 y 7\u00b0 de la mencionada Ley, los datos personales que revelen informaci\u00f3n referente a la salud son una categor\u00eda de datos sensibles, requiriendo el consentimiento pleno, libre e informado del titular de la informaci\u00f3n cualquier utilizaci\u00f3n con fines incompatibles con un tratamiento m\u00e9dico (art\u00edculo 4\u00b0 inciso 3 y art\u00edculo 5\u00b0 de la Ley 25.326).<\/p>\n<p>Asimismo, es oportuno mencionar que, en el \u00e1mbito de la administraci\u00f3n p\u00fablica provincial existen diversos organismos de contralor, tanto externos como internos, destinados a garantizar la transparencia de los procedimientos administrativos. Esos organismos, de acuerdo a la Constituci\u00f3n Provincial y las diversas Leyes que los rigen son la Asesor\u00eda General de Gobierno, la Contadur\u00eda General de la Provincia, la Fiscal\u00eda de Estado y el Honorable Tribunal de Cuentas.<\/p>\n<p>Sin otro particular, saludo a usted atentamente.<\/p>\n<p>&nbsp;<\/p>\n<p>&nbsp;<\/p>\n","protected":false},"excerpt":{"rendered":"<p>LA VACUNACI\u00d3N CONTRA EL CORONAVIRUS EN EXALTACI\u00d3N DE LA CRUZ.<\/p>\n","protected":false},"author":4,"featured_media":9262,"comment_status":"open","ping_status":"open","sticky":false,"template":"","format":"standard","meta":{"footnotes":"","jetpack_publicize_message":"","jetpack_publicize_feature_enabled":true,"jetpack_social_post_already_shared":false,"jetpack_social_options":{"image_generator_settings":{"template":"highway","default_image_id":0,"font":"","enabled":false},"version":2}},"categories":[17],"tags":[752,1238,894],"class_list":["post-9252","post","type-post","status-publish","format-standard","has-post-thumbnail","hentry","category-politica","tag-covid","tag-entrevista-nanni","tag-vacunacion"],"jetpack_publicize_connections":[],"jetpack_featured_media_url":"https:\/\/revistaepocadigital.com.ar\/wp-content\/uploads\/2021\/02\/n.jpg","jetpack_likes_enabled":true,"_links":{"self":[{"href":"https:\/\/revistaepocadigital.com.ar\/index.php?rest_route=\/wp\/v2\/posts\/9252","targetHints":{"allow":["GET"]}}],"collection":[{"href":"https:\/\/revistaepocadigital.com.ar\/index.php?rest_route=\/wp\/v2\/posts"}],"about":[{"href":"https:\/\/revistaepocadigital.com.ar\/index.php?rest_route=\/wp\/v2\/types\/post"}],"author":[{"embeddable":true,"href":"https:\/\/revistaepocadigital.com.ar\/index.php?rest_route=\/wp\/v2\/users\/4"}],"replies":[{"embeddable":true,"href":"https:\/\/revistaepocadigital.com.ar\/index.php?rest_route=%2Fwp%2Fv2%2Fcomments&post=9252"}],"version-history":[{"count":0,"href":"https:\/\/revistaepocadigital.com.ar\/index.php?rest_route=\/wp\/v2\/posts\/9252\/revisions"}],"wp:featuredmedia":[{"embeddable":true,"href":"https:\/\/revistaepocadigital.com.ar\/index.php?rest_route=\/wp\/v2\/media\/9262"}],"wp:attachment":[{"href":"https:\/\/revistaepocadigital.com.ar\/index.php?rest_route=%2Fwp%2Fv2%2Fmedia&parent=9252"}],"wp:term":[{"taxonomy":"category","embeddable":true,"href":"https:\/\/revistaepocadigital.com.ar\/index.php?rest_route=%2Fwp%2Fv2%2Fcategories&post=9252"},{"taxonomy":"post_tag","embeddable":true,"href":"https:\/\/revistaepocadigital.com.ar\/index.php?rest_route=%2Fwp%2Fv2%2Ftags&post=9252"}],"curies":[{"name":"wp","href":"https:\/\/api.w.org\/{rel}","templated":true}]}}