{"id":9277,"date":"2021-03-02T00:06:11","date_gmt":"2021-03-02T03:06:11","guid":{"rendered":"https:\/\/revistaepocadigital.com.ar\/?p=9277"},"modified":"2021-03-02T00:10:02","modified_gmt":"2021-03-02T03:10:02","slug":"soy-de-pensar-bien-no-creo-que-se-hayan-vacunado-personas-que-no-correspondian","status":"publish","type":"post","link":"https:\/\/revistaepocadigital.com.ar\/?p=9277","title":{"rendered":"&#8220;Soy de pensar bien, no creo que se hayan vacunado personas que no correspond\u00edan&#8221;"},"content":{"rendered":"<p><strong>LA CONCEJAL ANDREA MELO. <\/strong><!--more--><\/p>\n<p>Luego de la apertura de las sesiones ordinarias del Concejo Deliberante de Exaltaci\u00f3n de la Cruz, en la que el intendente Diego Nanni hizo un pormenorizado discurso sobre el a\u00f1o de gesti\u00f3n transcurrido, adem\u00e1s de referirse a la pandemia y a proyectos, EPOCA dialog\u00f3 con la concejal Andrea Melo (Unidad Ciudadana), acerca de uno de los temas del momento en el pa\u00eds, que en nuestro distrito tambi\u00e9n ha generado especulaciones luego que el bloque de concejales de Juntos por el Cambio, solicitara una sesi\u00f3n extraordinaria para solicitar informaci\u00f3n al Ejecutivo local, acerca de las vacunaciones efectuadas al momento en Exaltaci\u00f3n de la Cruz.<\/p>\n<figure id=\"attachment_9279\" aria-describedby=\"caption-attachment-9279\" style=\"width: 640px\" class=\"wp-caption aligncenter\"><img loading=\"lazy\" decoding=\"async\" class=\"size-full wp-image-9279\" src=\"https:\/\/revistaepocadigital.com.ar\/wp-content\/uploads\/2021\/03\/IMG_6868.jpg\" alt=\"\" width=\"640\" height=\"480\" srcset=\"https:\/\/revistaepocadigital.com.ar\/wp-content\/uploads\/2021\/03\/IMG_6868.jpg 640w, https:\/\/revistaepocadigital.com.ar\/wp-content\/uploads\/2021\/03\/IMG_6868-300x225.jpg 300w, https:\/\/revistaepocadigital.com.ar\/wp-content\/uploads\/2021\/03\/IMG_6868-80x60.jpg 80w, https:\/\/revistaepocadigital.com.ar\/wp-content\/uploads\/2021\/03\/IMG_6868-160x120.jpg 160w, https:\/\/revistaepocadigital.com.ar\/wp-content\/uploads\/2021\/03\/IMG_6868-265x198.jpg 265w, https:\/\/revistaepocadigital.com.ar\/wp-content\/uploads\/2021\/03\/IMG_6868-560x420.jpg 560w\" sizes=\"auto, (max-width: 640px) 100vw, 640px\" \/><figcaption id=\"caption-attachment-9279\" class=\"wp-caption-text\">Luego de la apertura de las sesiones ordinarias, Melo en su banca posa para la c\u00e1mara con una flor en sus manos. (Foto Epoca).<\/figcaption><\/figure>\n<p>&#8220;<em>Me parece bien que haya habido un pedido de informaci\u00f3n sobre la vacunaci\u00f3n en nuestro distrito. Pienso que ante el inicio de las sesiones ordinarias, ese pedido debe transformarse en un proyecto que sea elevado para tratar en una sesi\u00f3n ordinaria. \u00bfSi pienso que ac\u00e1 tambi\u00e9n se vacun\u00f3 a gente que no deb\u00eda?, soy una persona de pensar siempre bien, por eso no creo que haya sucedido. De todas maneras repito, est\u00e1 bueno que la gente est\u00e9 informada como corresponde sobre un tema as\u00ed&#8221;,<\/em> sostuvo Melo.<\/p>\n<p>Cuando se le pregunt\u00f3 acerca de su punto de vista sobre el llamado a la meneada sesi\u00f3n extraordinaria en la que los concejales de Juntos por el Cambio iban a pedir que fuera informado quienes hab\u00edan sido vacunados, la concejal manifest\u00f3, <em>&#8220;no estoy en contra de ese pedido, lo que veo como un tema para considerar pero ajust\u00e1ndose a lo que marca la ley en lo que se refiere a la privacidad de las personas. La cuesti\u00f3n relacionada con hacer conocer en forma p\u00fablica nombres, quiz\u00e1 podr\u00edan informarse en el \u00e1mbito del Concejo pero no de manera p\u00fablica&#8221;.<\/em><\/p>\n<figure id=\"attachment_9280\" aria-describedby=\"caption-attachment-9280\" style=\"width: 640px\" class=\"wp-caption aligncenter\"><img loading=\"lazy\" decoding=\"async\" class=\"size-full wp-image-9280\" src=\"https:\/\/revistaepocadigital.com.ar\/wp-content\/uploads\/2021\/03\/thumbnail.jpg\" alt=\"\" width=\"640\" height=\"480\" srcset=\"https:\/\/revistaepocadigital.com.ar\/wp-content\/uploads\/2021\/03\/thumbnail.jpg 640w, https:\/\/revistaepocadigital.com.ar\/wp-content\/uploads\/2021\/03\/thumbnail-300x225.jpg 300w, https:\/\/revistaepocadigital.com.ar\/wp-content\/uploads\/2021\/03\/thumbnail-80x60.jpg 80w, https:\/\/revistaepocadigital.com.ar\/wp-content\/uploads\/2021\/03\/thumbnail-160x120.jpg 160w, https:\/\/revistaepocadigital.com.ar\/wp-content\/uploads\/2021\/03\/thumbnail-265x198.jpg 265w, https:\/\/revistaepocadigital.com.ar\/wp-content\/uploads\/2021\/03\/thumbnail-560x420.jpg 560w\" sizes=\"auto, (max-width: 640px) 100vw, 640px\" \/><figcaption id=\"caption-attachment-9280\" class=\"wp-caption-text\">Carteles colocados en las bancas de los concejales de Juntos por el Cambio en el HCD, &#8220;Quienes son los vacunados?&#8221;, se preguntaban. (Foto Epoca).<\/figcaption><\/figure>\n<p><em>&#8220;De todas maneras<\/em> -sintetiz\u00f3 Melo- <em>yo estoy de acuerdo desde ya con la transparencia de la gesti\u00f3n p\u00fablica, por lo tanto, es muy importante que la gente est\u00e9 informada&#8221;.<\/em><\/p>\n","protected":false},"excerpt":{"rendered":"<p>LA CONCEJAL ANDREA MELO.<\/p>\n","protected":false},"author":4,"featured_media":9278,"comment_status":"open","ping_status":"open","sticky":false,"template":"","format":"standard","meta":{"footnotes":"","jetpack_publicize_message":"","jetpack_publicize_feature_enabled":true,"jetpack_social_post_already_shared":false,"jetpack_social_options":{"image_generator_settings":{"template":"highway","default_image_id":0,"font":"","enabled":false},"version":2}},"categories":[17],"tags":[1107,1243,1242],"class_list":["post-9277","post","type-post","status-publish","format-standard","has-post-thumbnail","hentry","category-politica","tag-concejal-melo","tag-sesiones-ordinarias-hcd","tag-vacunaciones"],"jetpack_publicize_connections":[],"jetpack_featured_media_url":"https:\/\/revistaepocadigital.com.ar\/wp-content\/uploads\/2021\/03\/136723835_2534546706837965_8830771350096028066_n.jpg","jetpack_likes_enabled":true,"_links":{"self":[{"href":"https:\/\/revistaepocadigital.com.ar\/index.php?rest_route=\/wp\/v2\/posts\/9277","targetHints":{"allow":["GET"]}}],"collection":[{"href":"https:\/\/revistaepocadigital.com.ar\/index.php?rest_route=\/wp\/v2\/posts"}],"about":[{"href":"https:\/\/revistaepocadigital.com.ar\/index.php?rest_route=\/wp\/v2\/types\/post"}],"author":[{"embeddable":true,"href":"https:\/\/revistaepocadigital.com.ar\/index.php?rest_route=\/wp\/v2\/users\/4"}],"replies":[{"embeddable":true,"href":"https:\/\/revistaepocadigital.com.ar\/index.php?rest_route=%2Fwp%2Fv2%2Fcomments&post=9277"}],"version-history":[{"count":0,"href":"https:\/\/revistaepocadigital.com.ar\/index.php?rest_route=\/wp\/v2\/posts\/9277\/revisions"}],"wp:featuredmedia":[{"embeddable":true,"href":"https:\/\/revistaepocadigital.com.ar\/index.php?rest_route=\/wp\/v2\/media\/9278"}],"wp:attachment":[{"href":"https:\/\/revistaepocadigital.com.ar\/index.php?rest_route=%2Fwp%2Fv2%2Fmedia&parent=9277"}],"wp:term":[{"taxonomy":"category","embeddable":true,"href":"https:\/\/revistaepocadigital.com.ar\/index.php?rest_route=%2Fwp%2Fv2%2Fcategories&post=9277"},{"taxonomy":"post_tag","embeddable":true,"href":"https:\/\/revistaepocadigital.com.ar\/index.php?rest_route=%2Fwp%2Fv2%2Ftags&post=9277"}],"curies":[{"name":"wp","href":"https:\/\/api.w.org\/{rel}","templated":true}]}}