{"id":9287,"date":"2021-03-02T15:15:40","date_gmt":"2021-03-02T18:15:40","guid":{"rendered":"https:\/\/revistaepocadigital.com.ar\/?p=9287"},"modified":"2021-03-02T15:43:31","modified_gmt":"2021-03-02T18:43:31","slug":"en-un-ano-con-pandemia-y-elecciones-el-concejo-deliberante-salio-al-ruedo","status":"publish","type":"post","link":"https:\/\/revistaepocadigital.com.ar\/?p=9287","title":{"rendered":"En un a\u00f1o con pandemia y elecciones, el Concejo Deliberante sali\u00f3 al ruedo"},"content":{"rendered":"<p><strong>CONCEJALES A SUS BANCAS.\u00a0 HABL\u00d3 EL INTENDENTE NANNI.<\/strong><!--more--><\/p>\n<div>En un 2021 surcado por la pandemia hist\u00f3rica y por las elecciones generales que tendr\u00e1n lugar en octubre, para las que la maquinaria pol\u00edtico-partidaria ha comenzado a dar indicios.<\/div>\n<div><\/div>\n<div>\n<figure id=\"attachment_9298\" aria-describedby=\"caption-attachment-9298\" style=\"width: 528px\" class=\"wp-caption aligncenter\"><img loading=\"lazy\" decoding=\"async\" class=\"size-full wp-image-9298\" src=\"https:\/\/revistaepocadigital.com.ar\/wp-content\/uploads\/2021\/03\/david-nanni-hcd211.jpg\" alt=\"\" width=\"528\" height=\"297\" srcset=\"https:\/\/revistaepocadigital.com.ar\/wp-content\/uploads\/2021\/03\/david-nanni-hcd211.jpg 528w, https:\/\/revistaepocadigital.com.ar\/wp-content\/uploads\/2021\/03\/david-nanni-hcd211-300x169.jpg 300w\" sizes=\"auto, (max-width: 528px) 100vw, 528px\" \/><figcaption id=\"caption-attachment-9298\" class=\"wp-caption-text\">Habla Nanni en el Concejo, a su lado el presidente del cuerpo Mart\u00edn David y el secretario del HCD.<\/figcaption><\/figure>\n<\/div>\n<div><\/div>\n<div>En el marco de un a\u00f1o con tanta importancia, comenzaron las sesiones ordinarias en el Congreso Nacional, la Legislatura Bonaerense y los concejos deliberantes, como ocurri\u00f3 en Exaltaci\u00f3n de la Cruz, donde el intendente Diego Nanni brind\u00f3 el habitual discurso anual de apertura del a\u00f1o en el HCD.<\/div>\n<div><\/div>\n<div>Nanni enumer\u00f3 obras realizadas durante el a\u00f1o pasado, anunci\u00f3 nuevas y se refiri\u00f3 a la pandemia y a la pol\u00edtica, enfoc\u00e1ndose en las elecciones cuando cerr\u00f3 su discurso.\u201cA la oposici\u00f3n, en un a\u00f1o cruzado por la campa\u00f1a electoral, le pido responsabilidad, sobre todo con temas sensibles como la salud de nuestra gente\u201d. Y\u00a0 agreg\u00f3 que aguardaba &#8220;una campa\u00f1a pol\u00edtica electoral muy responsable y respetuosa&#8221;, a la vez que anhel\u00f3 un trabajo en conjunto con todas las fuerzas pol\u00edticas que no deje de lado discusiones o puntos de vista encontrados. Y en cuanto al HCD subray\u00f3, &#8220;el Concejo deber dejar de hablar al &#8220;c\u00edrculo rojo&#8221; y hablarle al pueblo&#8221;.<\/div>\n<div><\/div>\n<div class=\"\" dir=\"auto\">\n<div id=\"jsc_c_kk\" class=\"ecm0bbzt hv4rvrfc ihqw7lf3 dati1w0a\" data-ad-comet-preview=\"message\" data-ad-preview=\"message\">\n<div class=\"j83agx80 cbu4d94t ew0dbk1b irj2b8pg\">\n<div class=\"qzhwtbm6 knvmm38d\">\n<div class=\"o9v6fnle cxmmr5t8 oygrvhab hcukyx3x c1et5uql ii04i59q\">\n<div dir=\"auto\">La sesi\u00f3n no cont\u00f3 con la asistencia de p\u00fablico, para evitar contacto social. En el inicio de sus palabras, hizo una menci\u00f3n especial sobre el periodista Jorge Agnese, el director de la publicaci\u00f3n El Vig\u00eda, recientemente fallecido; y a su viuda, Susana Borel.<\/div>\n<div dir=\"auto\"><\/div>\n<\/div>\n<div class=\"o9v6fnle cxmmr5t8 oygrvhab hcukyx3x c1et5uql ii04i59q\">\n<div dir=\"auto\">Luego Nanni hizo un detalle de su gesti\u00f3n en 2020. Enumer\u00f3 respecto a\u00a0 Capilla del Se\u00f1or, la finalizaci\u00f3n de la obra del Jard\u00edn Maternal El Abrojito, la obra del puente del FFCC Mitre sobre el arroyo, el saneamiento del basural y la incorporaci\u00f3n de nuevas tecnolog\u00edas para el tratamiento de los residuos, entre otras.<\/div>\n<\/div>\n<div class=\"o9v6fnle cxmmr5t8 oygrvhab hcukyx3x c1et5uql ii04i59q\">\n<div dir=\"auto\"><\/div>\n<div dir=\"auto\">Luego mencion\u00f3 la creaci\u00f3n de una \u201cCasa de Estudios Universitarios\u201d, para la formaci\u00f3n de j\u00f3venes que atiendan el requerimiento laboral de las empresas que se radican en el distrito. Anunci\u00f3 la construcci\u00f3n de un \u201cCamino de Circunvalaci\u00f3n\u201d, para Capilla del Se\u00f1or, y la creaci\u00f3n de 205 lotes con servicio, para lo que ser\u00e1n 104 viviendas.<\/div>\n<\/div>\n<div class=\"o9v6fnle cxmmr5t8 oygrvhab hcukyx3x c1et5uql ii04i59q\">\n<div dir=\"auto\"><\/div>\n<div dir=\"auto\">Respecto a Lo Cardales, tambi\u00e9n hizo un racconto y anunci\u00f3 obras (ver nota en secci\u00f3n Aqu\u00ed Los Cardales). Cuando se refiri\u00f3 a Parada Robles, mencion\u00f3 la concreci\u00f3n del nuevo Centro Cultural, la incorporaci\u00f3n de dos chipeadoras para mejorar el servicio de recolecci\u00f3n de poda, y a la obra en ejecuci\u00f3n para el ingreso a la localidad. Sobre Diego Gaynor, destac\u00f3 la creaci\u00f3n del Paseo Ecol\u00f3gico, la recuperaci\u00f3n de la Estaci\u00f3n del Ferrocarril, la instalaci\u00f3n de luminarias de Led, destacando tambi\u00e9n una inversi\u00f3n millonaria para el Barrio Sakura, con la llegada de la red de agua potable para un amplio sector.<\/div>\n<div dir=\"auto\"><\/div>\n<\/div>\n<div class=\"o9v6fnle cxmmr5t8 oygrvhab hcukyx3x c1et5uql ii04i59q\">\n<div dir=\"auto\">Al turno de la Salud P\u00fablica, resalt\u00f3 las obras del Hospital San Jos\u00e9 y a las acciones contra el Covid. Tambi\u00e9n pormenoriz\u00f3 sobre compra de equipos de \u00faltima generaci\u00f3n: \u201cIncorporamos tres nuevos respiradores, una mesa de anestesia y dos electrobistur\u00ed. Compramos nuevos monitores, una torre de laparoscop\u00eda y hemos reemplazado el anterior tom\u00f3grafo por uno nuevo, m\u00e1s moderno y de mayor complejidad, que permite mejores diagn\u00f3sticos\u201d.<\/div>\n<div dir=\"auto\"><\/div>\n<\/div>\n<p>El coronavirus, la pandemia, obligaron a la gesti\u00f3n actual a cambiar estrategias y planificaciones, como se dio en administraciones nacionales y de tantos pa\u00edses, &#8220;en este sentido, en el de la Salud, agradezco a m\u00e9dicos, profesionales de la salud, enfermeros, auxiliares y personal general del sistema sanitario. Ellos estuvieron y siguen al frente de esta batalla, a\u00fan a riesgo de su propio bienestar\u201d, dijo sin dejar de sumar a la Polic\u00eda, Bomberos Voluntarios de Capilla del Se\u00f1or, Parada Robles y Los Cardales, al Rotary Club y Club de Leones, a los voluntarios, personal municipal, la Sociedad Rural de Exaltaci\u00f3n de la Cruz, Z\u00e1rate, Campan; a los comerciantes, empresas y vecinos en general, haciendo alusi\u00f3n de la misma manera a las cooperativas Cepral de Parada Robles y Copesel de Los Cardales.<\/p>\n<\/div>\n<p>Fotos: prensa municipalidad.<\/p>\n<\/div>\n<\/div>\n<\/div>\n","protected":false},"excerpt":{"rendered":"<p>CONCEJALES A SUS BANCAS.\u00a0 HABL\u00d3 EL INTENDENTE NANNI.<\/p>\n","protected":false},"author":4,"featured_media":9291,"comment_status":"open","ping_status":"open","sticky":false,"template":"","format":"standard","meta":{"footnotes":"","jetpack_publicize_message":"","jetpack_publicize_feature_enabled":true,"jetpack_social_post_already_shared":false,"jetpack_social_options":{"image_generator_settings":{"template":"highway","default_image_id":0,"font":"","enabled":false},"version":2}},"categories":[13],"tags":[379,66,1244],"class_list":["post-9287","post","type-post","status-publish","format-standard","has-post-thumbnail","hentry","category-interes-general","tag-hcd","tag-nanni","tag-sesiones-2021"],"jetpack_publicize_connections":[],"jetpack_featured_media_url":"https:\/\/revistaepocadigital.com.ar\/wp-content\/uploads\/2021\/03\/conc-delib.jpg","jetpack_likes_enabled":true,"_links":{"self":[{"href":"https:\/\/revistaepocadigital.com.ar\/index.php?rest_route=\/wp\/v2\/posts\/9287","targetHints":{"allow":["GET"]}}],"collection":[{"href":"https:\/\/revistaepocadigital.com.ar\/index.php?rest_route=\/wp\/v2\/posts"}],"about":[{"href":"https:\/\/revistaepocadigital.com.ar\/index.php?rest_route=\/wp\/v2\/types\/post"}],"author":[{"embeddable":true,"href":"https:\/\/revistaepocadigital.com.ar\/index.php?rest_route=\/wp\/v2\/users\/4"}],"replies":[{"embeddable":true,"href":"https:\/\/revistaepocadigital.com.ar\/index.php?rest_route=%2Fwp%2Fv2%2Fcomments&post=9287"}],"version-history":[{"count":0,"href":"https:\/\/revistaepocadigital.com.ar\/index.php?rest_route=\/wp\/v2\/posts\/9287\/revisions"}],"wp:featuredmedia":[{"embeddable":true,"href":"https:\/\/revistaepocadigital.com.ar\/index.php?rest_route=\/wp\/v2\/media\/9291"}],"wp:attachment":[{"href":"https:\/\/revistaepocadigital.com.ar\/index.php?rest_route=%2Fwp%2Fv2%2Fmedia&parent=9287"}],"wp:term":[{"taxonomy":"category","embeddable":true,"href":"https:\/\/revistaepocadigital.com.ar\/index.php?rest_route=%2Fwp%2Fv2%2Fcategories&post=9287"},{"taxonomy":"post_tag","embeddable":true,"href":"https:\/\/revistaepocadigital.com.ar\/index.php?rest_route=%2Fwp%2Fv2%2Ftags&post=9287"}],"curies":[{"name":"wp","href":"https:\/\/api.w.org\/{rel}","templated":true}]}}