{"id":9293,"date":"2021-03-02T15:28:49","date_gmt":"2021-03-02T18:28:49","guid":{"rendered":"https:\/\/revistaepocadigital.com.ar\/?p=9293"},"modified":"2021-03-02T15:28:49","modified_gmt":"2021-03-02T18:28:49","slug":"cardales-tendra-su-hospital-municipal","status":"publish","type":"post","link":"https:\/\/revistaepocadigital.com.ar\/?p=9293","title":{"rendered":"Cardales tendr\u00e1 su hospital municipal"},"content":{"rendered":"<p><strong>EN EL DISCURSO AL ABRIR LAS SESIONES ORDINARIAS DEL CONCEJO DELIBERANTE<\/strong>.<!--more--><\/p>\n<p>Al referirse a Los Cardales, enumerando concreciones de su gesti\u00f3n como intendente a cabo de 2020, el intendente Diego Nanni hizo un anunci\u00f3 de relevancia: la presencia del proyecto para construir un hospital municipal en la localidad que entre otros beneficios &#8220;permitir\u00e1 que se descongestione el funcionamiento del Hospital en Capilla&#8221;.<\/p>\n<p><span class=\"d2edcug0 hpfvmrgz qv66sw1b c1et5uql rrkovp55 a8c37x1j keod5gw0 nxhoafnm aigsh9s9 d3f4x2em fe6kdd0r mau55g9w c8b282yb iv3no6db jq4qci2q a3bd9o3v knj5qynh oo9gr5id hzawbc8m\" dir=\"auto\">Adem\u00e1s en relaci\u00f3n a Cardales, cit\u00f3 las mejoras en la plaza Mitre y la creaci\u00f3n del Parque Cultural, que incluy\u00f3 nuevos juegos, incorporaci\u00f3n de juegos inclusivos y la disposici\u00f3n de un espacio para la biblioteca popular. <\/span><\/p>\n<p><span class=\"d2edcug0 hpfvmrgz qv66sw1b c1et5uql rrkovp55 a8c37x1j keod5gw0 nxhoafnm aigsh9s9 d3f4x2em fe6kdd0r mau55g9w c8b282yb iv3no6db jq4qci2q a3bd9o3v knj5qynh oo9gr5id hzawbc8m\" dir=\"auto\">Sobre los planes de obras, agreg\u00f3 la reconstrucci\u00f3n de la avenida Belgrano, la ampliaci\u00f3n de la planta depuradora, y el tendido del servicio de cloacas para los barrios Raver y La Plegaria.<\/span><\/p>\n","protected":false},"excerpt":{"rendered":"<p>EN EL DISCURSO AL ABRIR LAS SESIONES ORDINARIAS DEL CONCEJO DELIBERANTE.<\/p>\n","protected":false},"author":3,"featured_media":9297,"comment_status":"open","ping_status":"open","sticky":false,"template":"","format":"standard","meta":{"footnotes":"","jetpack_publicize_message":"","jetpack_publicize_feature_enabled":true,"jetpack_social_post_already_shared":false,"jetpack_social_options":{"image_generator_settings":{"template":"highway","default_image_id":0,"font":"","enabled":false},"version":2}},"categories":[4],"tags":[],"class_list":["post-9293","post","type-post","status-publish","format-standard","has-post-thumbnail","hentry","category-aqui-los-cardales"],"jetpack_publicize_connections":[],"jetpack_featured_media_url":"https:\/\/revistaepocadigital.com.ar\/wp-content\/uploads\/2021\/03\/cardales-marche.jpg","jetpack_likes_enabled":true,"_links":{"self":[{"href":"https:\/\/revistaepocadigital.com.ar\/index.php?rest_route=\/wp\/v2\/posts\/9293","targetHints":{"allow":["GET"]}}],"collection":[{"href":"https:\/\/revistaepocadigital.com.ar\/index.php?rest_route=\/wp\/v2\/posts"}],"about":[{"href":"https:\/\/revistaepocadigital.com.ar\/index.php?rest_route=\/wp\/v2\/types\/post"}],"author":[{"embeddable":true,"href":"https:\/\/revistaepocadigital.com.ar\/index.php?rest_route=\/wp\/v2\/users\/3"}],"replies":[{"embeddable":true,"href":"https:\/\/revistaepocadigital.com.ar\/index.php?rest_route=%2Fwp%2Fv2%2Fcomments&post=9293"}],"version-history":[{"count":0,"href":"https:\/\/revistaepocadigital.com.ar\/index.php?rest_route=\/wp\/v2\/posts\/9293\/revisions"}],"wp:featuredmedia":[{"embeddable":true,"href":"https:\/\/revistaepocadigital.com.ar\/index.php?rest_route=\/wp\/v2\/media\/9297"}],"wp:attachment":[{"href":"https:\/\/revistaepocadigital.com.ar\/index.php?rest_route=%2Fwp%2Fv2%2Fmedia&parent=9293"}],"wp:term":[{"taxonomy":"category","embeddable":true,"href":"https:\/\/revistaepocadigital.com.ar\/index.php?rest_route=%2Fwp%2Fv2%2Fcategories&post=9293"},{"taxonomy":"post_tag","embeddable":true,"href":"https:\/\/revistaepocadigital.com.ar\/index.php?rest_route=%2Fwp%2Fv2%2Ftags&post=9293"}],"curies":[{"name":"wp","href":"https:\/\/api.w.org\/{rel}","templated":true}]}}