{"id":9306,"date":"2021-03-02T16:29:22","date_gmt":"2021-03-02T19:29:22","guid":{"rendered":"https:\/\/revistaepocadigital.com.ar\/?p=9306"},"modified":"2021-03-02T16:33:58","modified_gmt":"2021-03-02T19:33:58","slug":"valerio-vale-un-diamante-gano-en-la-clase-a-de-tc-regional","status":"publish","type":"post","link":"https:\/\/revistaepocadigital.com.ar\/?p=9306","title":{"rendered":"VALERIO VALE UN DIAMANTE. GAN\u00d3 EN LA CLASE A DE TC REGIONAL"},"content":{"rendered":"<p><strong>EN EL AUT\u00d3DROMO ROBERTO MOURAS DE LA PLATA, TUVIERON LUGAR LA 3\u00aa Y 4\u00aa FECHAS DEL CAMPEONATO 2021. TAMBIEN DESTACADOS POCHO CUIDET Y DANIEL MAZZITELLI.<\/strong><!--more--><\/p>\n<p>El capillense Valerio Diamante y\u00a0Juan Manuel Pierce fueron los vencedores luego de dos vibrantes competencias. El fin de semana platense, se vio enlutado por la repentina muerte del piloto de San Miguel, Dar\u00edo Maureguis, mientras compet\u00eda.<\/p>\n<p>El TC Regional, &#8220;La categor\u00eda que avanza&#8221;, tal como recita su hist\u00f3rico eslogan, transita su 38vo campeonato tras su fundaci\u00f3n en octubre de 1983. TC Regional que acumula muy valiosa historia en la que se han lucido pilotos capillenses a lo largo del tiempo.<\/p>\n<figure id=\"attachment_9311\" aria-describedby=\"caption-attachment-9311\" style=\"width: 640px\" class=\"wp-caption aligncenter\"><img loading=\"lazy\" decoding=\"async\" class=\"size-full wp-image-9311\" src=\"https:\/\/revistaepocadigital.com.ar\/wp-content\/uploads\/2021\/03\/diaman..21.jpg\" alt=\"\" width=\"640\" height=\"360\" srcset=\"https:\/\/revistaepocadigital.com.ar\/wp-content\/uploads\/2021\/03\/diaman..21.jpg 640w, https:\/\/revistaepocadigital.com.ar\/wp-content\/uploads\/2021\/03\/diaman..21-300x169.jpg 300w\" sizes=\"auto, (max-width: 640px) 100vw, 640px\" \/><figcaption id=\"caption-attachment-9311\" class=\"wp-caption-text\">La cuadriculada recibe ganador al piloto de Capilla del Se\u00f1or.<\/figcaption><\/figure>\n<p>La Clase A, la divisional fundadora, tambi\u00e9n apodada como \u201clos chasis\u201d son las conocidas e hist\u00f3ricas cafeteras. El TC Regional se complementa adem\u00e1s con las Clases GTA y GTB, autos de serie similares en forma a los actuales Turismo Carretera aunque con preparaci\u00f3n m\u00e1s standard.<\/p>\n<p>La GTB de car\u00e1cter promocional, es la que sus autos muestran menor preparaci\u00f3n y difieren est\u00e9ticamente de su hermana, la GTA, por la ausencia de cargas aerodin\u00e1micas en trompa y cola. La GTA, con mayor potencia en los motores que tienen entre 80 y 100 HP m\u00e1s, adem\u00e1s de una velocidad de curva mayor.<\/p>\n<p>La Clase A lleg\u00f3 al escenario platense para disputar una fecha doble, la primera del a\u00f1o, los d\u00edas 27 y 28 de febrero. Hubo 17 m\u00e1quinas inscriptas, que auguraban un gran espect\u00e1culo, destac\u00e1ndose los regresos del campe\u00f3n 2018 de la especialidad, Valerio Diamante y Christian Genovese, ambos sobre sendos Ford alistados por el equipo T\u00e1rtara Competici\u00f3n.<\/p>\n<p>El espect\u00e1culo en el Mouras, adem\u00e1s cont\u00f3 con las presencias de las categor\u00edas TC Rioplatense, GT 900, Monomarca Fiat y el GT2000.<\/p>\n<p>La fecha 3, tuvo lugar el s\u00e1bado, y la victoria qued\u00f3 para Pierce. El piloto de Salto consigui\u00f3 su segunda victoria consecutiva, luego de lograr la pole position en clasificaci\u00f3n sobre su Chevrolet. Diamante finaliz\u00f3 en la segunda colocaci\u00f3n, para redondear el primer \u201c1-2\u201d de los chasis Pucar\u00e1, constru\u00eddos por el ingeniero Guillermo Pierce. Alejandro Pereyra subi\u00f3 al tercer escal\u00f3n del podio (larg\u00f3 desde el fondo de la grilla).<\/p>\n<p>La Copa Senior, un certamen interno para pilotos mayores de 45, a\u00f1os qued\u00f3 para otro piloto local, el de Parque Sakura, Daniel Mazzitelli, escoltado por Dar\u00edo Maureguis y Claudio Caro, todos con Chevrolet.<\/p>\n<p>La 4\u00aa fecha al d\u00eda siguiente, comenz\u00f3 con el \u00fanico entrenamiento dominado por Juan Manuel Pierce. Luego en la clasificaci\u00f3n, se hizo notar el capillense Diamante.<br \/>\nA la hora de la carrera, cuando se encendi\u00f3 el sem\u00e1foro verde, el Ford n\u00ba 24 tom\u00f3 el liderazgo de la competencia, ante el asedio del subcampe\u00f3n. Posici\u00f3n que Diamante no dej\u00f3 hasta recibir ganador, la bandera a cuadros. Pierce pen\u00f3 sobre el final con una ida de cola que lo retras\u00f3 al quinto lugar, situaci\u00f3n que aprovech\u00f3 uno de los hist\u00f3ricos pilotos de Capilla, Marcelo Cuidet. As\u00ed Pocho escal\u00f3 al segundo escal\u00f3n del podio. Gabriel Russo, l\u00edder del campeonato, finaliz\u00f3 en la tercera colocaci\u00f3n.<\/p>\n<p>En la Copa Senior la victoria fue para el pace\u00f1o Claudio Caro. Durante el transcurso del cuarto giro, se vivi\u00f3 un episodio que llen\u00f3 de tristeza a la familia del TC Regional. Dar\u00edo Maureguis, a bordo del Chevrolet n\u00ba12, se detuvo en el sector sinuoso del trazado platense, instantes despu\u00e9s\u00a0 cuando el equipo de rescate se acerc\u00f3 al auto, constat\u00f3 que el piloto de San Miguel sufr\u00eda una descompensaci\u00f3n. La situaci\u00f3n hizo que de inmediato se lo derivara en ambulancia a la sala m\u00e9dica del Mouras, donde recibi\u00f3 las primeras atenciones. El doctor Carlos Sinagra, piloto de la categor\u00eda TC Rioplatense acudi\u00f3 a colaborar r\u00e1pidamente, y ante los primeros signos de recuperaci\u00f3n, se orden\u00f3 el traslado del Maureguis al Hospital Melchor Romero.<\/p>\n<p>Una vez internado en el mencionado hospital, lamentablemente y a pesar de los trabajos del personal m\u00e9dico, Dar\u00edo Maureguis falleci\u00f3 de un paro cardiorespiratorio, seg\u00fan informaron las autoridades del centro asistencial. Maureguis ten\u00eda 57 a\u00f1os y hab\u00eda llegado a la Clase A del TC Regional con un enorme esfuerzo. R\u00e1pido y merced de su simpat\u00eda, se hab\u00eda ganado el respeto de sus compa\u00f1eros de pista, convirti\u00e9ndose adem\u00e1s en un protagonista de la Copa Senior. Su esposa Rosa y sus hijos Johnathan y Carolina, lo acompa\u00f1aban a cada carrera. Dar\u00edo se gan\u00f3 un lugar en el coraz\u00f3n de la familia del TC Regional.<\/p>\n<p>Fuente\/informe: Esteban Amoedo (Prensa TC Regional)<\/p>\n","protected":false},"excerpt":{"rendered":"<p>EN EL AUT\u00d3DROMO ROBERTO MOURAS DE LA PLATA, TUVIERON LUGAR LA 3\u00aa Y 4\u00aa FECHAS DEL CAMPEONATO 2021. TAMBIEN DESTACADOS POCHO CUIDET Y DANIEL MAZZITELLI.<\/p>\n","protected":false},"author":4,"featured_media":9310,"comment_status":"open","ping_status":"open","sticky":false,"template":"","format":"standard","meta":{"footnotes":"","jetpack_publicize_message":"","jetpack_publicize_feature_enabled":true,"jetpack_social_post_already_shared":false,"jetpack_social_options":{"image_generator_settings":{"template":"highway","default_image_id":0,"font":"","enabled":false},"version":2}},"categories":[9],"tags":[1245,333,334],"class_list":["post-9306","post","type-post","status-publish","format-standard","has-post-thumbnail","hentry","category-deportes","tag-campeonato-2020-2021","tag-diamante","tag-tc-regional"],"jetpack_publicize_connections":[],"jetpack_featured_media_url":"https:\/\/revistaepocadigital.com.ar\/wp-content\/uploads\/2021\/03\/diaman-21.jpg","jetpack_likes_enabled":true,"_links":{"self":[{"href":"https:\/\/revistaepocadigital.com.ar\/index.php?rest_route=\/wp\/v2\/posts\/9306","targetHints":{"allow":["GET"]}}],"collection":[{"href":"https:\/\/revistaepocadigital.com.ar\/index.php?rest_route=\/wp\/v2\/posts"}],"about":[{"href":"https:\/\/revistaepocadigital.com.ar\/index.php?rest_route=\/wp\/v2\/types\/post"}],"author":[{"embeddable":true,"href":"https:\/\/revistaepocadigital.com.ar\/index.php?rest_route=\/wp\/v2\/users\/4"}],"replies":[{"embeddable":true,"href":"https:\/\/revistaepocadigital.com.ar\/index.php?rest_route=%2Fwp%2Fv2%2Fcomments&post=9306"}],"version-history":[{"count":0,"href":"https:\/\/revistaepocadigital.com.ar\/index.php?rest_route=\/wp\/v2\/posts\/9306\/revisions"}],"wp:featuredmedia":[{"embeddable":true,"href":"https:\/\/revistaepocadigital.com.ar\/index.php?rest_route=\/wp\/v2\/media\/9310"}],"wp:attachment":[{"href":"https:\/\/revistaepocadigital.com.ar\/index.php?rest_route=%2Fwp%2Fv2%2Fmedia&parent=9306"}],"wp:term":[{"taxonomy":"category","embeddable":true,"href":"https:\/\/revistaepocadigital.com.ar\/index.php?rest_route=%2Fwp%2Fv2%2Fcategories&post=9306"},{"taxonomy":"post_tag","embeddable":true,"href":"https:\/\/revistaepocadigital.com.ar\/index.php?rest_route=%2Fwp%2Fv2%2Ftags&post=9306"}],"curies":[{"name":"wp","href":"https:\/\/api.w.org\/{rel}","templated":true}]}}