{"id":9330,"date":"2021-03-05T00:24:22","date_gmt":"2021-03-05T03:24:22","guid":{"rendered":"https:\/\/revistaepocadigital.com.ar\/?p=9330"},"modified":"2021-03-05T00:28:12","modified_gmt":"2021-03-05T03:28:12","slug":"gabriel-vera-nuevo-jefe-distrital-de-educacion","status":"publish","type":"post","link":"https:\/\/revistaepocadigital.com.ar\/?p=9330","title":{"rendered":"Gabriel Vera, nuevo Jefe Distrital de Educaci\u00f3n"},"content":{"rendered":"<div class=\"buofh1pr\">\n<div class=\"j83agx80 cbu4d94t ew0dbk1b irj2b8pg\">\n<div class=\"qzhwtbm6 knvmm38d\">\n<div class=\"oajrlxb2 g5ia77u1 qu0x051f esr5mh6w e9989ue4 r7d6kgcz rq0escxv nhd2j8a9 nc684nl6 p7hjln8o kvgmc6g5 cxmmr5t8 oygrvhab hcukyx3x jb3vyjys rz4wbd8a qt6c0cv9 a8nywdso i1ao9s8h esuyzwwr f1sip0of lzcic4wl oo9gr5id gpro0wi8 lrazzd5p\" tabindex=\"0\" role=\"button\"><strong>CARGO CUBIERTO.<\/strong><\/div>\n<\/div>\n<\/div>\n<\/div>\n<p><!--more--><\/p>\n<div class=\"\" dir=\"auto\">\n<div id=\"jsc_c_hn\" class=\"ecm0bbzt hv4rvrfc ihqw7lf3 dati1w0a\" data-ad-comet-preview=\"message\" data-ad-preview=\"message\">\n<div class=\"j83agx80 cbu4d94t ew0dbk1b irj2b8pg\">\n<div class=\"qzhwtbm6 knvmm38d\">\n<div class=\"kvgmc6g5 cxmmr5t8 oygrvhab hcukyx3x c1et5uql ii04i59q\">\n<div dir=\"auto\">\n<div class=\"nc684nl6\">Designado hace unos d\u00edas, el 2 de marzo, Gabriel Vera es el nuevo Jefe Distrital de Educaci\u00f3n. Profesor de educaci\u00f3n f\u00edsica, Inspector de la rama en Educaci\u00f3n F\u00edsica de Exaltaci\u00f3n de la Cruz, con amplia experiencia en San Nicol\u00e1s en la Inspecci\u00f3n. Adem\u00e1s se desempe\u00f1\u00f3 como Director Titular de CEF, y fue director suplente de CEC.\u00a0Vera seg\u00fan trascendi\u00f3, integra la agrupaci\u00f3n La C\u00e1mpora y ha reemplazado a su predecesora Marta Villanueva quien tiempo atr\u00e1s renunci\u00f3 al cargo.<\/div>\n<div><\/div>\n<div class=\"nc684nl6\">Vera quien se hab\u00eda desempe\u00f1ado hasta la designaci\u00f3n como inspector en el \u00e1rea de deportes, se reuni\u00f3 con el intendente Nanni.<\/div>\n<\/div>\n<\/div>\n<\/div>\n<\/div>\n<\/div>\n<\/div>\n<p>&nbsp;<\/p>\n","protected":false},"excerpt":{"rendered":"<p>CARGO CUBIERTO.<\/p>\n","protected":false},"author":4,"featured_media":9331,"comment_status":"open","ping_status":"open","sticky":false,"template":"","format":"standard","meta":{"footnotes":"","jetpack_publicize_message":"","jetpack_publicize_feature_enabled":true,"jetpack_social_post_already_shared":false,"jetpack_social_options":{"image_generator_settings":{"template":"highway","default_image_id":0,"font":"","enabled":false},"version":2}},"categories":[17],"tags":[1247,1248],"class_list":["post-9330","post","type-post","status-publish","format-standard","has-post-thumbnail","hentry","category-politica","tag-jefe-distrital-educacion","tag-vera"],"jetpack_publicize_connections":[],"jetpack_featured_media_url":"https:\/\/revistaepocadigital.com.ar\/wp-content\/uploads\/2021\/03\/vera-insp-distrital21.jpg","jetpack_likes_enabled":true,"_links":{"self":[{"href":"https:\/\/revistaepocadigital.com.ar\/index.php?rest_route=\/wp\/v2\/posts\/9330","targetHints":{"allow":["GET"]}}],"collection":[{"href":"https:\/\/revistaepocadigital.com.ar\/index.php?rest_route=\/wp\/v2\/posts"}],"about":[{"href":"https:\/\/revistaepocadigital.com.ar\/index.php?rest_route=\/wp\/v2\/types\/post"}],"author":[{"embeddable":true,"href":"https:\/\/revistaepocadigital.com.ar\/index.php?rest_route=\/wp\/v2\/users\/4"}],"replies":[{"embeddable":true,"href":"https:\/\/revistaepocadigital.com.ar\/index.php?rest_route=%2Fwp%2Fv2%2Fcomments&post=9330"}],"version-history":[{"count":0,"href":"https:\/\/revistaepocadigital.com.ar\/index.php?rest_route=\/wp\/v2\/posts\/9330\/revisions"}],"wp:featuredmedia":[{"embeddable":true,"href":"https:\/\/revistaepocadigital.com.ar\/index.php?rest_route=\/wp\/v2\/media\/9331"}],"wp:attachment":[{"href":"https:\/\/revistaepocadigital.com.ar\/index.php?rest_route=%2Fwp%2Fv2%2Fmedia&parent=9330"}],"wp:term":[{"taxonomy":"category","embeddable":true,"href":"https:\/\/revistaepocadigital.com.ar\/index.php?rest_route=%2Fwp%2Fv2%2Fcategories&post=9330"},{"taxonomy":"post_tag","embeddable":true,"href":"https:\/\/revistaepocadigital.com.ar\/index.php?rest_route=%2Fwp%2Fv2%2Ftags&post=9330"}],"curies":[{"name":"wp","href":"https:\/\/api.w.org\/{rel}","templated":true}]}}