{"id":9336,"date":"2021-03-05T19:32:28","date_gmt":"2021-03-05T22:32:28","guid":{"rendered":"https:\/\/revistaepocadigital.com.ar\/?p=9336"},"modified":"2021-03-13T22:13:08","modified_gmt":"2021-03-14T01:13:08","slug":"protocolos-reunion-entre-las-areas-de-educacion-y-salud","status":"publish","type":"post","link":"https:\/\/revistaepocadigital.com.ar\/?p=9336","title":{"rendered":"Protocolos. Reuni\u00f3n entre las \u00e1reas de Educaci\u00f3n y Salud"},"content":{"rendered":"<div class=\"\" dir=\"auto\">\n<div id=\"jsc_c_11v\" class=\"ecm0bbzt hv4rvrfc ihqw7lf3 dati1w0a\" data-ad-comet-preview=\"message\" data-ad-preview=\"message\">\n<div class=\"j83agx80 cbu4d94t ew0dbk1b irj2b8pg\">\n<div class=\"qzhwtbm6 knvmm38d\">\n<div class=\"kvgmc6g5 cxmmr5t8 oygrvhab hcukyx3x c1et5uql ii04i59q\">\n<div dir=\"auto\">LA ELABORACI\u00d3N DEL PROTOCOLOS PARA LAS ESCUELAS Y POR EL COVID-19.<!--more--><\/div>\n<\/div>\n<div dir=\"auto\">Tuvo lugar una importante reuni\u00f3n (5\/3) en la Secretar\u00eda de Pol\u00edticas Educativas de Exaltaci\u00f3n de la Cruz. Estuvieron la titular del \u00e1rea Vanesa Russo, Gabriel Vera, nuevo Inspector Jefe Distrital de Educaci\u00f3n en el distrito, la subsecretaria de Salud de la comuna, Guadalupe Bravo y Morin Wade en representaci\u00f3n del \u00e1rea de Calidad de Vida.<\/div>\n<div dir=\"auto\"><\/div>\n<div class=\"o9v6fnle cxmmr5t8 oygrvhab hcukyx3x c1et5uql ii04i59q\">\n<div dir=\"auto\">Durante el encuentro, trabajaron en UEGD para tratar el protocolo lo antes posible para aplicar ante posibles casos de Covid que puedan presentarse en alumnos, docentes y\/o auxiliares de establecimientos educativos de Exaltaci\u00f3n de la Cruz.<\/div>\n<\/div>\n<div class=\"o9v6fnle cxmmr5t8 oygrvhab hcukyx3x c1et5uql ii04i59q\">\n<div dir=\"auto\"><\/div>\n<div dir=\"auto\">Para articular entre Educaci\u00f3n y el Sistema sanitario local, apuntan a aplicar el Plan jurisdiccional para contar con el regreso seguro a las clases presenciales en el a\u00f1o 2021, un aspecto central la asistencia de alumnos y docentes a las aulas luego de un a\u00f1o como 2020 en el que por la pandemia, no hubo clases con consecuencias negativas de mucha consideraci\u00f3n para los alumnos.<\/div>\n<\/div>\n<\/div>\n<\/div>\n<\/div>\n<\/div>\n<p>&nbsp;<\/p>\n","protected":false},"excerpt":{"rendered":"<p>LA ELABORACI\u00d3N DEL PROTOCOLOS PARA LAS ESCUELAS Y POR EL COVID-19.<\/p>\n","protected":false},"author":3,"featured_media":9337,"comment_status":"open","ping_status":"open","sticky":false,"template":"","format":"standard","meta":{"footnotes":"","jetpack_publicize_message":"","jetpack_publicize_feature_enabled":true,"jetpack_social_post_already_shared":false,"jetpack_social_options":{"image_generator_settings":{"template":"highway","default_image_id":0,"font":"","enabled":false},"version":2}},"categories":[14],"tags":[231,639,1220,119],"class_list":["post-9336","post","type-post","status-publish","format-standard","has-post-thumbnail","hentry","category-la-gente","tag-educacion","tag-pandemia","tag-protocolos","tag-salud"],"jetpack_publicize_connections":[],"jetpack_featured_media_url":"https:\/\/revistaepocadigital.com.ar\/wp-content\/uploads\/2021\/03\/156476797_4286225154739732_8108599999222639094_n.jpg","jetpack_likes_enabled":true,"_links":{"self":[{"href":"https:\/\/revistaepocadigital.com.ar\/index.php?rest_route=\/wp\/v2\/posts\/9336","targetHints":{"allow":["GET"]}}],"collection":[{"href":"https:\/\/revistaepocadigital.com.ar\/index.php?rest_route=\/wp\/v2\/posts"}],"about":[{"href":"https:\/\/revistaepocadigital.com.ar\/index.php?rest_route=\/wp\/v2\/types\/post"}],"author":[{"embeddable":true,"href":"https:\/\/revistaepocadigital.com.ar\/index.php?rest_route=\/wp\/v2\/users\/3"}],"replies":[{"embeddable":true,"href":"https:\/\/revistaepocadigital.com.ar\/index.php?rest_route=%2Fwp%2Fv2%2Fcomments&post=9336"}],"version-history":[{"count":0,"href":"https:\/\/revistaepocadigital.com.ar\/index.php?rest_route=\/wp\/v2\/posts\/9336\/revisions"}],"wp:featuredmedia":[{"embeddable":true,"href":"https:\/\/revistaepocadigital.com.ar\/index.php?rest_route=\/wp\/v2\/media\/9337"}],"wp:attachment":[{"href":"https:\/\/revistaepocadigital.com.ar\/index.php?rest_route=%2Fwp%2Fv2%2Fmedia&parent=9336"}],"wp:term":[{"taxonomy":"category","embeddable":true,"href":"https:\/\/revistaepocadigital.com.ar\/index.php?rest_route=%2Fwp%2Fv2%2Fcategories&post=9336"},{"taxonomy":"post_tag","embeddable":true,"href":"https:\/\/revistaepocadigital.com.ar\/index.php?rest_route=%2Fwp%2Fv2%2Ftags&post=9336"}],"curies":[{"name":"wp","href":"https:\/\/api.w.org\/{rel}","templated":true}]}}