{"id":936,"date":"2018-12-23T09:51:51","date_gmt":"2018-12-23T12:51:51","guid":{"rendered":"https:\/\/revistaepocadigital.com.ar\/?p=936"},"modified":"2018-12-24T10:37:25","modified_gmt":"2018-12-24T13:37:25","slug":"el-adios-a-una-pasioneducar","status":"publish","type":"post","link":"https:\/\/revistaepocadigital.com.ar\/?p=936","title":{"rendered":"El adi\u00f3s a una pasi\u00f3n\u2026Educar."},"content":{"rendered":"<p><strong>FINALIZABA.<\/strong>\u00a0 <!--more-->El a\u00f1o 1980 y llegaba a <strong>Capilla Del Se\u00f1or<\/strong> con mi t\u00edtulo de MAESTRO bajo el brazo y muchas expectativas, ilusiones y el deseo enorme de \u201ctrabajar\u201d para lo que me hab\u00eda formado.<\/p>\n<p>Es as\u00ed que en 1981 me comunican que exist\u00eda una suplencia en la <strong>Escuela n\u00b0 4 de Parada\u00a0 Robles,<\/strong> y all\u00ed me dirig\u00ed con mi traje de egresado y mi \u00a0portafolios. Me recibieron de una manera maravillosa, a\u00fan\u00a0 hoy lo recuerdo con gratitud.<\/p>\n<p>All\u00ed estuve casi 14 a\u00f1os desempe\u00f1\u00e1ndome como maestro de grado, y por un\u00a0 lapso de tres a\u00f1os tambi\u00e9n\u00a0 fu\u00ed vicedirector. En esa escuela se forj\u00f3 mi vocaci\u00f3n y\u00a0 pasi\u00f3n por el aula y el trabajo con los chicos. En ello influyeron muchos colegas, directores, maestros de grado, inspectores entre otros.<\/p>\n<p>En el a\u00f1o 1997 un <strong>desaf\u00edo<\/strong> se presenta en mi vida docente. Me ofrecen hacerme cargo de la <strong>Direcci\u00f3n del Colegio Del Sol<\/strong>, instituci\u00f3n que ante el inminente cierre fue adquirida por la <strong>Asociaci\u00f3n Jos\u00e9 Manuel\u00a0 Estrada.<\/strong> \u00a0Me result\u00f3 una dif\u00edcil decisi\u00f3n, dejar la escuela que me cobij\u00f3 durante muchos a\u00f1os y\u00a0 sent\u00f3 en m\u00ed\u00a0 una impronta imborrable . Me \u201ccost\u00f3\u201d dos meses decidirme, ya que s\u00f3lo contaba con la experiencia del trabajo en una escuela rural, y la formaci\u00f3n acad\u00e9mica de mi querida <strong>Escuela Juan Bautista Alberdi\u00a0<\/strong> en mi provincia natal, <strong>Entre R\u00edos.<\/strong><\/p>\n<p>El 10 de junio de 1997 me decido, y me hago cargo de la <strong>Direcci\u00f3n del Colegio Del Sol.<\/strong>\u00a0 All\u00ed comienza una historia de 21 a\u00f1os de arduo trabajo. Adaptarme a una nueva comunidad siendo desconocido para muchos, a un\u00a0 nuevo \u00e1mbito, a nuevos compa\u00f1eros, iniciarme en una\u00a0 funci\u00f3n desconocida; en s\u00edntesis todo un gran\u00a0 desaf\u00edo\u2026 por el que gestionar se constituy\u00f3 en una\u00a0 palabra clave.<\/p>\n<p>21 a\u00f1os de <strong>construcci\u00f3n permanente,<\/strong> con una meta clara\u2026 crecer y darle formato a una instituci\u00f3n educativa, nueva para el pueblo dir\u00eda, y adem\u00e1s de gesti\u00f3n privada, vaya si hab\u00eda tarea por realizar. As\u00ed lo encar\u00e9 junto a mis \u201cnuevos\u201d compa\u00f1eros, quienes me recibieron con muchas expectativas, y fueron claves en esa etapa.<\/p>\n<p><strong>21 a\u00f1os<\/strong> que <strong>no estuvieron exentos<\/strong> de dificultades de todo tipo, l\u00f3gicas de un colegio en crecimiento y de una gesti\u00f3n que se ten\u00eda que ir construyendo d\u00eda a d\u00eda. All\u00ed estuvieron mis colegas docentes comprometidos, trabajando\u00a0 a la par, codo a codo, creyendo que pod\u00edamos hacer muchas cosas juntos, para darle forma y hacer crecer al colegio.<\/p>\n<figure id=\"attachment_941\" aria-describedby=\"caption-attachment-941\" style=\"width: 525px\" class=\"wp-caption alignnone\"><img loading=\"lazy\" decoding=\"async\" class=\"size-full wp-image-941\" src=\"https:\/\/revistaepocadigital.com.ar\/wp-content\/uploads\/2018\/12\/cardozo-y-asoc-18.jpg\" alt=\"\" width=\"525\" height=\"350\" srcset=\"https:\/\/revistaepocadigital.com.ar\/wp-content\/uploads\/2018\/12\/cardozo-y-asoc-18.jpg 525w, https:\/\/revistaepocadigital.com.ar\/wp-content\/uploads\/2018\/12\/cardozo-y-asoc-18-300x200.jpg 300w\" sizes=\"auto, (max-width: 525px) 100vw, 525px\" \/><figcaption id=\"caption-attachment-941\" class=\"wp-caption-text\">Durante el acto en el Colegio del Sol por el fin del ciclo lectivo 2018, Alcides Cardozo recibe el reconocimiento de la Asociaci\u00f3n Jos\u00e9 M. Estrada, representada por Ivana Martinelli, Ver\u00f3nica Rodr\u00edguez, Marita Jatar y Griselda Malvicino (Foto gentileza Paul Nosdeo).<\/figcaption><\/figure>\n<p>Cientos de an\u00e9cdotas y acciones\u00a0 se me cruzan en la mente\u2026arreglar, pintar, adecuar espacios, cobrar cuotas, conseguir matr\u00edcula, configurar principios educativos, elaborar un proyecto institucional,etc. Y es ah\u00ed cuando uno se da cuenta que el <strong>trabajo en equipo es fundamental<\/strong>, proponiendo ideas claras y proyectos significativos, contando con el apoyo incondicional de maestros, profesores, auxiliares, familias, la Asociaci\u00f3n y representantes legales e inspectores, todos apoyando las iniciativas, con un compromiso\u00a0 digno de elogio y vital para poder consolidar la instituci\u00f3n.<\/p>\n<p>Alguien dir\u00eda <em>\u201ctodos con la camiseta del colegio puesta\u201d,\u00a0<\/em> trabajando en equipo,\u00a0 convencidos , dando y obteniendo\u00a0 lo mejor de cada uno, y esencialmente centrando la acci\u00f3n en los chicos,\u00a0 Creo, humildemente, que es la\u00a0 forma de trabajo que debe caracterizar\u00a0 toda gesti\u00f3n educativa, cualquiera sea el \u00e1mbito.<\/p>\n<p>Ahora le<strong> estoy diciendo adi\u00f3s a la docencia\u2026<\/strong>, y sentimientos ambivalentes me impactan. Tristeza al dejar de hacer lo que me apasiona y marc\u00f3 mi vida por 35 a\u00f1os por un lado, y por otro\u00a0 hacerlo con la tranquilidad de haber dado todo cuanto pude, no s\u00e9 si mucho o poco, en pos de lograr el objetivo claro de\u00a0 dejar un colegio funcionando, consolidado en la oferta educativa del distrito, con una identidad y\u00a0 con mucho horizonte para seguir creciendo. Creo haber cumplido.<\/p>\n<p>Me retiro con una <strong>enorme gratitud<\/strong>, he tenido defectos y virtudes, he vivido y desarrollado apasionadamente mi profesi\u00f3n de Maestro, siempre procurando dar lo mejor de m\u00ed.<\/p>\n<p>Por todo lo que acabo de reflejar, digo esto que me sale del alma:<\/p>\n<p>GRACIAS A MI QUERIDA ESCUELA ALBERDI, A LA ESCUELA 4 DE PARADA ROBLES, A MI QUERIDO COLEGIO DEL SOL. A TODOS LOS\u00a0 COLEGAS QUE ME HAN ACOMPA\u00d1ADO\u00a0 A LO LARGO DE MI CARRERA, A LA ASOCIACI\u00d3N ESTRADA Y REPRESENTANTES LEGALES\u00a0 QUE CONFIARON\u00a0 EN M\u00cd, A LOS INSPECTORES, A LAS FAMILIAS DEL COLEGIO, A LOS CHICOS, RAZ\u00d3N DE NUESTRA PROFESION Y QUIERO HACER UN P\u00c1RRAFO APARTE: QUIERO DECIRLE GRACIAS A MI ESPOSA Y A MI FAMILIA POR APOYARME SIEMPRE, Y \u201cENTENDER\u201d QUE SER UN MAESTRO DE ESCUELA FUE, ES Y SEGUIR\u00c1 SIENDO, A\u00daN EN EL RETIRO, LA PASI\u00d3N QUE MARC\u00d3 MI VIDA. ETERNAMENTE GRACIAS A TODOS!<\/p>\n<p>&nbsp;<\/p>\n<p>&nbsp;<\/p>\n<p>&nbsp;<\/p>\n","protected":false},"excerpt":{"rendered":"<p>FINALIZABA.\u00a0<\/p>\n","protected":false},"author":3,"featured_media":940,"comment_status":"open","ping_status":"open","sticky":false,"template":"","format":"standard","meta":{"footnotes":"","jetpack_publicize_message":"","jetpack_publicize_feature_enabled":true,"jetpack_social_post_already_shared":false,"jetpack_social_options":{"image_generator_settings":{"template":"highway","default_image_id":0,"font":"","enabled":false},"version":2}},"categories":[7,13],"tags":[96,95,37],"class_list":["post-936","post","type-post","status-publish","format-standard","has-post-thumbnail","hentry","category-columna-de-opinion","category-interes-general","tag-alcides-cardoso","tag-colegio-del-sol","tag-destacada"],"jetpack_publicize_connections":[],"jetpack_featured_media_url":"https:\/\/revistaepocadigital.com.ar\/wp-content\/uploads\/2018\/12\/cardozo18.jpg","jetpack_likes_enabled":true,"_links":{"self":[{"href":"https:\/\/revistaepocadigital.com.ar\/index.php?rest_route=\/wp\/v2\/posts\/936","targetHints":{"allow":["GET"]}}],"collection":[{"href":"https:\/\/revistaepocadigital.com.ar\/index.php?rest_route=\/wp\/v2\/posts"}],"about":[{"href":"https:\/\/revistaepocadigital.com.ar\/index.php?rest_route=\/wp\/v2\/types\/post"}],"author":[{"embeddable":true,"href":"https:\/\/revistaepocadigital.com.ar\/index.php?rest_route=\/wp\/v2\/users\/3"}],"replies":[{"embeddable":true,"href":"https:\/\/revistaepocadigital.com.ar\/index.php?rest_route=%2Fwp%2Fv2%2Fcomments&post=936"}],"version-history":[{"count":0,"href":"https:\/\/revistaepocadigital.com.ar\/index.php?rest_route=\/wp\/v2\/posts\/936\/revisions"}],"wp:featuredmedia":[{"embeddable":true,"href":"https:\/\/revistaepocadigital.com.ar\/index.php?rest_route=\/wp\/v2\/media\/940"}],"wp:attachment":[{"href":"https:\/\/revistaepocadigital.com.ar\/index.php?rest_route=%2Fwp%2Fv2%2Fmedia&parent=936"}],"wp:term":[{"taxonomy":"category","embeddable":true,"href":"https:\/\/revistaepocadigital.com.ar\/index.php?rest_route=%2Fwp%2Fv2%2Fcategories&post=936"},{"taxonomy":"post_tag","embeddable":true,"href":"https:\/\/revistaepocadigital.com.ar\/index.php?rest_route=%2Fwp%2Fv2%2Ftags&post=936"}],"curies":[{"name":"wp","href":"https:\/\/api.w.org\/{rel}","templated":true}]}}