{"id":9376,"date":"2021-03-12T00:14:26","date_gmt":"2021-03-12T03:14:26","guid":{"rendered":"https:\/\/revistaepocadigital.com.ar\/?p=9376"},"modified":"2021-03-18T00:31:48","modified_gmt":"2021-03-18T03:31:48","slug":"el-transporte-publico-en-el-distrito","status":"publish","type":"post","link":"https:\/\/revistaepocadigital.com.ar\/?p=9376","title":{"rendered":"El transporte p\u00fablico en el distrito"},"content":{"rendered":"<div class=\"\" dir=\"auto\">\n<div id=\"jsc_c_dk\" class=\"ecm0bbzt hv4rvrfc ihqw7lf3 dati1w0a\" data-ad-comet-preview=\"message\" data-ad-preview=\"message\">\n<div class=\"j83agx80 cbu4d94t ew0dbk1b irj2b8pg\">\n<div class=\"qzhwtbm6 knvmm38d\">\n<div class=\"kvgmc6g5 cxmmr5t8 oygrvhab hcukyx3x c1et5uql ii04i59q\">\n<div dir=\"auto\">FUNCIONARIOS DEL MUNICIPIO SE REUNIERON CON REPRESENTANTES DE LA EMPRESA RUTA BUS.<!--more--><\/div>\n<\/div>\n<div class=\"o9v6fnle cxmmr5t8 oygrvhab hcukyx3x c1et5uql ii04i59q\">\n<div dir=\"auto\">Funcionarios de la comuna, del \u00e1rea de Transporte y de la Oficina Municipal de Informaci\u00f3n al Consumidor mantuvieron una reuni\u00f3n con directivos de la empresa Ruta Bus.<\/div>\n<div dir=\"auto\"><\/div>\n<div dir=\"auto\">El objetivo fue introducir mejoras al servicio de transporte p\u00fablico. Adem\u00e1s de las autoridades municipales, participaron del encuentro el gerente de la empresa, Diego Sosa, y el jefe de Tr\u00e1fico de Ruta Bus, An\u00edbal Villegas. Durante el encuentro, el municipio advirti\u00f3 sobre nuevos controles sobre el estado de las unidades, y el cumplimiento de los horarios y frecuencias.<\/div>\n<\/div>\n<div class=\"o9v6fnle cxmmr5t8 oygrvhab hcukyx3x c1et5uql ii04i59q\">\n<div dir=\"auto\"><\/div>\n<div dir=\"auto\">El dato sobresaliente de la reuni\u00f3n es que las autoridades solicitaron nuevamente a Ruta Bus para la puesta en marcha de nuevos recorridos. Desde la empresa est\u00e1n analizando ese <strong>reclamo,<\/strong> y no se descarta que haya novedades sobre un nuevo servicio en el distrito.<\/div>\n<\/div>\n<div class=\"o9v6fnle cxmmr5t8 oygrvhab hcukyx3x c1et5uql ii04i59q\">\n<div dir=\"auto\">Por \u00faltimo, desde el \u00e1rea de Transporte del municipio se confirm\u00f3 la realizaci\u00f3n de reuniones similares con los directivos de Atl\u00e1ntida, tambi\u00e9n para reforzar el funcionamiento de ese servicio en el \u00e1mbito de Exaltaci\u00f3n de la Cruz.<\/div>\n<\/div>\n<\/div>\n<\/div>\n<\/div>\n<\/div>\n<p><!--more--><\/p>\n<div id=\"jsc_c_dl\" class=\"l9j0dhe7\">\n<div class=\"l9j0dhe7\">\n<div><\/div>\n<\/div>\n<\/div>\n<div>\n<div id=\"jsc_c_dl\" class=\"l9j0dhe7\">\n<div class=\"stjgntxs ni8dbmo4\"><\/div>\n<\/div>\n<\/div>\n<div>\n<div class=\"stjgntxs ni8dbmo4 l82x9zwi uo3d90p7 h905i5nu monazrh9\" data-visualcompletion=\"ignore-dynamic\">\n<div>\n<div>\n<div>\n<div class=\"l9j0dhe7\">\n<div class=\"bp9cbjyn m9osqain j83agx80 jq4qci2q bkfpd7mw a3bd9o3v kvgmc6g5 wkznzc2l oygrvhab dhix69tm jktsbyx5 rz4wbd8a osnr6wyh a8nywdso s1tcr66n\">\n<div class=\"bp9cbjyn j83agx80 buofh1pr ni8dbmo4 stjgntxs\"><\/div>\n<\/div>\n<\/div>\n<\/div>\n<\/div>\n<\/div>\n<\/div>\n<\/div>\n<div class=\"\"><\/div>\n<div class=\"gtad4xkn\">\n<div id=\"jsc_c_dm\" class=\"oajrlxb2 g5ia77u1 qu0x051f esr5mh6w e9989ue4 r7d6kgcz rq0escxv nhd2j8a9 nc684nl6 p7hjln8o kvgmc6g5 cxmmr5t8 oygrvhab hcukyx3x jb3vyjys rz4wbd8a qt6c0cv9 a8nywdso i1ao9s8h esuyzwwr f1sip0of lzcic4wl l9j0dhe7 abiwlrkh gpro0wi8 dwo3fsh8 ow4ym5g4 auili1gw du4w35lb gmql0nx0\" tabindex=\"0\" role=\"button\"><\/div>\n<\/div>\n<div class=\"gtad4xkn\">\n<div id=\"jsc_c_dm\" class=\"oajrlxb2 g5ia77u1 qu0x051f esr5mh6w e9989ue4 r7d6kgcz rq0escxv nhd2j8a9 nc684nl6 p7hjln8o kvgmc6g5 cxmmr5t8 oygrvhab hcukyx3x jb3vyjys rz4wbd8a qt6c0cv9 a8nywdso i1ao9s8h esuyzwwr f1sip0of lzcic4wl l9j0dhe7 abiwlrkh gpro0wi8 dwo3fsh8 ow4ym5g4 auili1gw du4w35lb gmql0nx0\" tabindex=\"0\" role=\"button\"><span class=\"d2edcug0 hpfvmrgz qv66sw1b c1et5uql rrkovp55 a8c37x1j keod5gw0 nxhoafnm aigsh9s9 d3f4x2em fe6kdd0r mau55g9w c8b282yb iv3no6db jq4qci2q a3bd9o3v knj5qynh m9osqain\" dir=\"auto\">19 comentarios<\/span><\/div>\n<\/div>\n","protected":false},"excerpt":{"rendered":"<p>FUNCIONARIOS DEL MUNICIPIO SE REUNIERON CON REPRESENTANTES DE LA EMPRESA RUTA BUS.<\/p>\n","protected":false},"author":3,"featured_media":9377,"comment_status":"open","ping_status":"open","sticky":false,"template":"","format":"standard","meta":{"footnotes":"","jetpack_publicize_message":"","jetpack_publicize_feature_enabled":true,"jetpack_social_post_already_shared":false,"jetpack_social_options":{"image_generator_settings":{"template":"highway","default_image_id":0,"font":"","enabled":false},"version":2}},"categories":[17],"tags":[1253],"class_list":["post-9376","post","type-post","status-publish","format-standard","has-post-thumbnail","hentry","category-politica","tag-transporte-publico"],"jetpack_publicize_connections":[],"jetpack_featured_media_url":"https:\/\/revistaepocadigital.com.ar\/wp-content\/uploads\/2021\/03\/159942583_4163349543717973_7503037871759459539_o.jpg","jetpack_likes_enabled":true,"_links":{"self":[{"href":"https:\/\/revistaepocadigital.com.ar\/index.php?rest_route=\/wp\/v2\/posts\/9376","targetHints":{"allow":["GET"]}}],"collection":[{"href":"https:\/\/revistaepocadigital.com.ar\/index.php?rest_route=\/wp\/v2\/posts"}],"about":[{"href":"https:\/\/revistaepocadigital.com.ar\/index.php?rest_route=\/wp\/v2\/types\/post"}],"author":[{"embeddable":true,"href":"https:\/\/revistaepocadigital.com.ar\/index.php?rest_route=\/wp\/v2\/users\/3"}],"replies":[{"embeddable":true,"href":"https:\/\/revistaepocadigital.com.ar\/index.php?rest_route=%2Fwp%2Fv2%2Fcomments&post=9376"}],"version-history":[{"count":0,"href":"https:\/\/revistaepocadigital.com.ar\/index.php?rest_route=\/wp\/v2\/posts\/9376\/revisions"}],"wp:featuredmedia":[{"embeddable":true,"href":"https:\/\/revistaepocadigital.com.ar\/index.php?rest_route=\/wp\/v2\/media\/9377"}],"wp:attachment":[{"href":"https:\/\/revistaepocadigital.com.ar\/index.php?rest_route=%2Fwp%2Fv2%2Fmedia&parent=9376"}],"wp:term":[{"taxonomy":"category","embeddable":true,"href":"https:\/\/revistaepocadigital.com.ar\/index.php?rest_route=%2Fwp%2Fv2%2Fcategories&post=9376"},{"taxonomy":"post_tag","embeddable":true,"href":"https:\/\/revistaepocadigital.com.ar\/index.php?rest_route=%2Fwp%2Fv2%2Ftags&post=9376"}],"curies":[{"name":"wp","href":"https:\/\/api.w.org\/{rel}","templated":true}]}}