{"id":9383,"date":"2021-03-12T00:52:17","date_gmt":"2021-03-12T03:52:17","guid":{"rendered":"https:\/\/revistaepocadigital.com.ar\/?p=9383"},"modified":"2021-03-12T00:52:17","modified_gmt":"2021-03-12T03:52:17","slug":"un-cambio-con-lectura-politica-martinez-nuevo-presidente-del-concejo-deliberante","status":"publish","type":"post","link":"https:\/\/revistaepocadigital.com.ar\/?p=9383","title":{"rendered":"Un cambio con lectura pol\u00edtica. Mart\u00ednez nuevo presidente del Concejo Deliberante"},"content":{"rendered":"<div class=\"kvgmc6g5 cxmmr5t8 oygrvhab hcukyx3x c1et5uql ii04i59q\">\n<div dir=\"auto\"><strong>SUCEDE EN EL CARGO A MARTIN DAVID.<\/strong><\/div>\n<div dir=\"auto\"><\/div>\n<\/div>\n<p><!--more--><\/p>\n<div class=\"o9v6fnle cxmmr5t8 oygrvhab hcukyx3x c1et5uql ii04i59q\">\n<div dir=\"auto\">Emmanuel Martinez, concejal que asumi\u00f3 el cargo por Unidad Ciudada en un per\u00edodo anterior, se convirti\u00f3 en el nuevo presidente del Concejo Deliberante que, por otro lado, renov\u00f3 el resto de sus autoridades.<\/div>\n<div dir=\"auto\"><\/div>\n<div dir=\"auto\">La llegada a la presidencia de Mart\u00ednez a la presidencia del cuerpo, cobra relevancia habida cuenta que se transita un a\u00f1o electoral, con la implicancias que significa, en lo que puede considerarse, un avance de los sectores kirchneristas que se remarca con Gustavo Candia como nuevo vicepresidente primero. A su vez, Norma Santillan quien responde al intendente Nanni, pas\u00f3 a ser vicepresidenta segunda. En tanto Patricia Guglielmotti, vicepresidenta tercera y Ra\u00fal Alga\u00f1araz como secretario administrativo.<\/div>\n<\/div>\n<div dir=\"auto\"><\/div>\n<div dir=\"auto\"><\/div>\n<div dir=\"auto\">Foto gentileza Radio Boreal.<\/div>\n","protected":false},"excerpt":{"rendered":"<p>SUCEDE EN EL CARGO A MARTIN DAVID.<\/p>\n","protected":false},"author":4,"featured_media":9384,"comment_status":"open","ping_status":"open","sticky":false,"template":"","format":"standard","meta":{"footnotes":"","jetpack_publicize_message":"","jetpack_publicize_feature_enabled":true,"jetpack_social_post_already_shared":false,"jetpack_social_options":{"image_generator_settings":{"template":"highway","default_image_id":0,"font":"","enabled":false},"version":2}},"categories":[17],"tags":[1254],"class_list":["post-9383","post","type-post","status-publish","format-standard","has-post-thumbnail","hentry","category-politica","tag-autoridades-hcd"],"jetpack_publicize_connections":[],"jetpack_featured_media_url":"https:\/\/revistaepocadigital.com.ar\/wp-content\/uploads\/2021\/03\/resize_1540046287.jpg","jetpack_likes_enabled":true,"_links":{"self":[{"href":"https:\/\/revistaepocadigital.com.ar\/index.php?rest_route=\/wp\/v2\/posts\/9383","targetHints":{"allow":["GET"]}}],"collection":[{"href":"https:\/\/revistaepocadigital.com.ar\/index.php?rest_route=\/wp\/v2\/posts"}],"about":[{"href":"https:\/\/revistaepocadigital.com.ar\/index.php?rest_route=\/wp\/v2\/types\/post"}],"author":[{"embeddable":true,"href":"https:\/\/revistaepocadigital.com.ar\/index.php?rest_route=\/wp\/v2\/users\/4"}],"replies":[{"embeddable":true,"href":"https:\/\/revistaepocadigital.com.ar\/index.php?rest_route=%2Fwp%2Fv2%2Fcomments&post=9383"}],"version-history":[{"count":0,"href":"https:\/\/revistaepocadigital.com.ar\/index.php?rest_route=\/wp\/v2\/posts\/9383\/revisions"}],"wp:featuredmedia":[{"embeddable":true,"href":"https:\/\/revistaepocadigital.com.ar\/index.php?rest_route=\/wp\/v2\/media\/9384"}],"wp:attachment":[{"href":"https:\/\/revistaepocadigital.com.ar\/index.php?rest_route=%2Fwp%2Fv2%2Fmedia&parent=9383"}],"wp:term":[{"taxonomy":"category","embeddable":true,"href":"https:\/\/revistaepocadigital.com.ar\/index.php?rest_route=%2Fwp%2Fv2%2Fcategories&post=9383"},{"taxonomy":"post_tag","embeddable":true,"href":"https:\/\/revistaepocadigital.com.ar\/index.php?rest_route=%2Fwp%2Fv2%2Ftags&post=9383"}],"curies":[{"name":"wp","href":"https:\/\/api.w.org\/{rel}","templated":true}]}}