{"id":9391,"date":"2021-03-13T15:46:22","date_gmt":"2021-03-13T18:46:22","guid":{"rendered":"https:\/\/revistaepocadigital.com.ar\/?p=9391"},"modified":"2021-03-13T15:46:22","modified_gmt":"2021-03-13T18:46:22","slug":"plan-de-viviendas-una-imperiosa-necesidad-a-cubrir-para-vecinos-genuinos","status":"publish","type":"post","link":"https:\/\/revistaepocadigital.com.ar\/?p=9391","title":{"rendered":"Plan de viviendas, una imperiosa necesidad a cubrir para vecinos genu\u00ednos"},"content":{"rendered":"<div class=\"\" dir=\"auto\">\n<div id=\"jsc_c_18o\" class=\"ecm0bbzt hv4rvrfc ihqw7lf3 dati1w0a\" data-ad-comet-preview=\"message\" data-ad-preview=\"message\">\n<div class=\"j83agx80 cbu4d94t ew0dbk1b irj2b8pg\">\n<div class=\"qzhwtbm6 knvmm38d\">\n<div class=\"kvgmc6g5 cxmmr5t8 oygrvhab hcukyx3x c1et5uql ii04i59q\">\n<div dir=\"auto\">FIRMADO.<\/div>\n<div dir=\"auto\"><\/div>\n<\/div>\n<div class=\"o9v6fnle cxmmr5t8 oygrvhab hcukyx3x c1et5uql ii04i59q\">\n<div dir=\"auto\">El intendente Diego Nanni cerr\u00f3 el convenio (12\/3) con el gobierno de la provincia de Buenos Aires. Implica una obra de gran envergadura para vecinos que podr\u00e1n aspirar a tener el tan ansiado &#8220;techo propio&#8221;.<\/div>\n<div dir=\"auto\"><\/div>\n<div dir=\"auto\">Van a construirse 104 viviendas en el distrito, ser\u00e1 en dos etapas de 52 cada una, y significar\u00e1 de acuerdo a lo marcado desde la municipalidad, emprender una obra en viviendas que no se concretaba desde hace m\u00e1s de 15 a\u00f1os.<\/div>\n<\/div>\n<div class=\"o9v6fnle cxmmr5t8 oygrvhab hcukyx3x c1et5uql ii04i59q\">\n<div dir=\"auto\"><\/div>\n<div dir=\"auto\">Dicho acuerdo se rubric\u00f3 con la presencia del gobernador Axel Kicillof; el ministro de Infraestructura y Obras P\u00fablicas, Agust\u00edn Simone, y el subsecretario de Obras P\u00fablicas, Ernesto Selzer. En total se destinar\u00e1n m\u00e1s de 5 mil millones de pesos a estos planes en la provincia.<\/div>\n<div dir=\"auto\"><\/div>\n<\/div>\n<div class=\"o9v6fnle cxmmr5t8 oygrvhab hcukyx3x c1et5uql ii04i59q\">\n<div dir=\"auto\">Para el caso de Exaltaci\u00f3n de la Cruz, resaltaron desde la comuna, &#8220;el anuncio es verdaderamente excepcional: Mientras que en distritos como Madariaga, Pehuaj\u00f3 o Quilmes se construir\u00e1n 37 viviendas por municipio, en el \u00e1mbito local ese n\u00famero alcanza las 104 unidades habitacionales&#8221;.<\/div>\n<div dir=\"auto\"><\/div>\n<\/div>\n<div class=\"o9v6fnle cxmmr5t8 oygrvhab hcukyx3x c1et5uql ii04i59q\">\n<div dir=\"auto\">La inversi\u00f3n queda claro, tiene impacto directo en quienes buscan alcanzar la casa propia, a la vez movilizar\u00e1 la econom\u00eda local, tanto para el rubro de la construcci\u00f3n como para otros indirectos. Seg\u00fan un estimado del gobierno bonaerense, por cada vivienda constru\u00edda se genera mano de obra por un a\u00f1o para m\u00e1s de 4 personas. As\u00ed, teniendo en cuenta que en Exaltaci\u00f3n de la Cruz se construir\u00edan 104 casas, se producir\u00e1 una demanda laboral aproximada para unas 450 personas.<\/div>\n<\/div>\n<div class=\"o9v6fnle cxmmr5t8 oygrvhab hcukyx3x c1et5uql ii04i59q\">\n<div dir=\"auto\"><\/div>\n<div dir=\"auto\">El Plan Estrat\u00e9gico de Infraestructura que impulsa el gobierno bonarense se desarrollar\u00e1 hasta 2024. Contempla una inversi\u00f3n total de 14.400 millones de pesos para la construcci\u00f3n de 10 mil viviendas nuevas y la generaci\u00f3n de 40 mil puestos de trabajo.<\/div>\n<div dir=\"auto\"><\/div>\n<\/div>\n<div class=\"o9v6fnle cxmmr5t8 oygrvhab hcukyx3x c1et5uql ii04i59q\">\n<div dir=\"auto\">Tambi\u00e9n el municipio hizo saber que el \u00faltimo plan de viviendas en nuestro partido data de los a\u00f1os 2006\/7. Fueron 70 viviendas en Capilla del Se\u00f1or (en la actualidad, parte del Barrio Mar\u00edn), 70 para Los Cardales (parte del Barrio Solidaridad), y 10 para Parada Robles (Barrio Arturo Mateo).<\/div>\n<\/div>\n<\/div>\n<\/div>\n<\/div>\n<\/div>\n<div dir=\"auto\"><\/div>\n<div dir=\"auto\">Vecinos al conocer el plan de viviendas, pudo saber EPOCA, aguardan expectantes, interesados y tambi\u00e9n augurando que al momento debido, el otorgamiento de las casas resulte transparente, equitativo y que quienes las ocupen, sean vecinos genuinos y carentes del techo propio.<\/div>\n<div id=\"jsc_c_18p\" class=\"l9j0dhe7\">\n<div class=\"l9j0dhe7\">\n<div>\n<div>\n<div class=\"l9j0dhe7\">\n<div class=\"l9j0dhe7\">\n<div class=\"ni8dbmo4 stjgntxs pmk7jnqg\"><\/div>\n<\/div>\n<\/div>\n<\/div>\n<\/div>\n<\/div>\n<\/div>\n","protected":false},"excerpt":{"rendered":"<p>FIRMADO. El intendente Diego Nanni cerr\u00f3 el convenio (12\/3) con el gobierno de la provincia de Buenos Aires. Implica una obra de gran envergadura para vecinos que podr\u00e1n aspirar a tener el tan ansiado &#8220;techo propio&#8221;. Van a construirse 104 viviendas en el distrito, ser\u00e1 en dos etapas de 52 cada una, y significar\u00e1 de [&hellip;]<\/p>\n","protected":false},"author":3,"featured_media":9395,"comment_status":"open","ping_status":"open","sticky":false,"template":"","format":"standard","meta":{"footnotes":"","jetpack_publicize_message":"","jetpack_publicize_feature_enabled":true,"jetpack_social_post_already_shared":false,"jetpack_social_options":{"image_generator_settings":{"template":"highway","default_image_id":0,"font":"","enabled":false},"version":2}},"categories":[17],"tags":[1255],"class_list":["post-9391","post","type-post","status-publish","format-standard","has-post-thumbnail","hentry","category-politica","tag-plan-viviendas"],"jetpack_publicize_connections":[],"jetpack_featured_media_url":"https:\/\/revistaepocadigital.com.ar\/wp-content\/uploads\/2021\/03\/kici-intendentes21.jpg","jetpack_likes_enabled":true,"_links":{"self":[{"href":"https:\/\/revistaepocadigital.com.ar\/index.php?rest_route=\/wp\/v2\/posts\/9391","targetHints":{"allow":["GET"]}}],"collection":[{"href":"https:\/\/revistaepocadigital.com.ar\/index.php?rest_route=\/wp\/v2\/posts"}],"about":[{"href":"https:\/\/revistaepocadigital.com.ar\/index.php?rest_route=\/wp\/v2\/types\/post"}],"author":[{"embeddable":true,"href":"https:\/\/revistaepocadigital.com.ar\/index.php?rest_route=\/wp\/v2\/users\/3"}],"replies":[{"embeddable":true,"href":"https:\/\/revistaepocadigital.com.ar\/index.php?rest_route=%2Fwp%2Fv2%2Fcomments&post=9391"}],"version-history":[{"count":0,"href":"https:\/\/revistaepocadigital.com.ar\/index.php?rest_route=\/wp\/v2\/posts\/9391\/revisions"}],"wp:featuredmedia":[{"embeddable":true,"href":"https:\/\/revistaepocadigital.com.ar\/index.php?rest_route=\/wp\/v2\/media\/9395"}],"wp:attachment":[{"href":"https:\/\/revistaepocadigital.com.ar\/index.php?rest_route=%2Fwp%2Fv2%2Fmedia&parent=9391"}],"wp:term":[{"taxonomy":"category","embeddable":true,"href":"https:\/\/revistaepocadigital.com.ar\/index.php?rest_route=%2Fwp%2Fv2%2Fcategories&post=9391"},{"taxonomy":"post_tag","embeddable":true,"href":"https:\/\/revistaepocadigital.com.ar\/index.php?rest_route=%2Fwp%2Fv2%2Ftags&post=9391"}],"curies":[{"name":"wp","href":"https:\/\/api.w.org\/{rel}","templated":true}]}}