{"id":9397,"date":"2021-03-13T16:52:39","date_gmt":"2021-03-13T19:52:39","guid":{"rendered":"https:\/\/revistaepocadigital.com.ar\/?p=9397"},"modified":"2021-03-13T16:52:39","modified_gmt":"2021-03-13T19:52:39","slug":"ypf-descuentos-al-personal-de-educacion","status":"publish","type":"post","link":"https:\/\/revistaepocadigital.com.ar\/?p=9397","title":{"rendered":"YPF: DESCUENTOS AL PERSONAL DE EDUCACI\u00d3N"},"content":{"rendered":"<div id=\"headerwrap\">\n<div id=\"top3_4wrap\">\n<div id=\"top3_4\" class=\"clearfix xtc-wrapper\">\n<div id=\"top3\" class=\"firstcolumn\">\n<div class=\"singlearea\">\n<div class=\"module title-off \"><\/div>\n<\/div>\n<\/div>\n<\/div>\n<\/div>\n<\/div>\n<div id=\"menuwrap\">\n<div id=\"menuwrap1\" class=\"clearfix xtc-wrapper\">\n<div><strong>ANTE LA VUELTA DE LAS CLASES PRESENCIALES.<!--more--><\/strong><\/div>\n<div><\/div>\n<div id=\"menu\" class=\"clearfix\">La petrolera YPF lanz\u00f3 un beneficio para el personal educativo, a modo de acompa\u00f1ar el regreso presencial a clases en establecimientos educativos p\u00fablicos y privados de todo el pa\u00eds. Permite acceder a descuentos de 15% en combustibles, entre otras bonificaciones en las estaciones de servicio.<\/div>\n<div><\/div>\n<\/div>\n<\/div>\n<div id=\"tribunetimes\">\n<div id=\"region4wrap\">\n<div id=\"region4\" class=\"clearfix xtc-wrapper r4spacer\">\n<div class=\"center\">\n<div id=\"component\" class=\"r4spacer_bottom\">\n<p>El beneficio alcanza a los docentes, directivos, asistentes, preceptores, administrativos o personal de maestranza, de nivel inicial, primario y secundario de instituciones nacionales p\u00fablicas y privadas.<\/p>\n<p>Del lanzamiento participaron el flamante presidente de YPF, Pablo Gonz\u00e1lez; el CEO, Sergio Affronti; el ministro de Educaci\u00f3n, Nicolas Trotta; el gobernador de la provincia de Buenos Aires, Axel Kiciloff; y la intendente de Quilmes, Mayra Mendoza.<\/p>\n<p>Los trabajadores de la educaci\u00f3n pueden acceder a un descuento especial del 15% en la carga de combustible, el acceso a un desayuno bonificado en las tiendas Full y podr\u00e1n realizar el escaneo de su veh\u00edculo en Boxes de manera gratuita.<\/p>\n<p>&#8220;Todos estamos haciendo un enorme esfuerzo para que nuestros hijos y nuestras hijas vuelvan a compartir el aula. Por eso, decidimos acercarnos a todo personal educativo con un beneficio que s\u00f3lo una compa\u00f1\u00eda como YPF les puede dar porque es la \u00fanica con presencia en todo el pa\u00eds&#8221;, afirm\u00f3 el presidente de YPF.<br \/>\nA su turno, Trotta expres\u00f3 que &#8220;hoy se est\u00e1 promoviendo una presencialidad cuidada en el contexto de pandemia e YPF se suma a acompa\u00f1ar el regreso a las clases presenciales, colocando su red de estaciones al servicio de las y los trabajadores de la educaci\u00f3n&#8221;.<br \/>\nEste beneficio se suma al que ya est\u00e1 vigente para el personal de la salud, entre otros acuerdos firmados por la petrolera en el marco de la pandemia.<\/p>\n<p>El personal educativo que quiera acceder a este beneficio deber\u00e1 registrarse el sitio en www.personaleducativo.ypf.com y aguardar el mail que le confirme que es parte de la comunidad.<\/p>\n<p>Para acceder al beneficio en combustibles, deber\u00e1n descargarse la App YPF, mientras que para acceder al beneficio en Full o Boxes bastar\u00e1 con su DNI o n\u00famero de socio Serviclub.<\/p>\n<p>&nbsp;<\/p>\n<\/div>\n<\/div>\n<\/div>\n<\/div>\n<\/div>\n","protected":false},"excerpt":{"rendered":"<p>ANTE LA VUELTA DE LAS CLASES PRESENCIALES.<\/p>\n","protected":false},"author":3,"featured_media":9400,"comment_status":"open","ping_status":"open","sticky":false,"template":"","format":"standard","meta":{"footnotes":"","jetpack_publicize_message":"","jetpack_publicize_feature_enabled":true,"jetpack_social_post_already_shared":false,"jetpack_social_options":{"image_generator_settings":{"template":"highway","default_image_id":0,"font":"","enabled":false},"version":2}},"categories":[13],"tags":[124,546,1256],"class_list":["post-9397","post","type-post","status-publish","format-standard","has-post-thumbnail","hentry","category-interes-general","tag-descuentos","tag-docentes","tag-ypf"],"jetpack_publicize_connections":[],"jetpack_featured_media_url":"https:\/\/revistaepocadigital.com.ar\/wp-content\/uploads\/2021\/03\/estaciones-de-servicio-ypf.jpg","jetpack_likes_enabled":true,"_links":{"self":[{"href":"https:\/\/revistaepocadigital.com.ar\/index.php?rest_route=\/wp\/v2\/posts\/9397","targetHints":{"allow":["GET"]}}],"collection":[{"href":"https:\/\/revistaepocadigital.com.ar\/index.php?rest_route=\/wp\/v2\/posts"}],"about":[{"href":"https:\/\/revistaepocadigital.com.ar\/index.php?rest_route=\/wp\/v2\/types\/post"}],"author":[{"embeddable":true,"href":"https:\/\/revistaepocadigital.com.ar\/index.php?rest_route=\/wp\/v2\/users\/3"}],"replies":[{"embeddable":true,"href":"https:\/\/revistaepocadigital.com.ar\/index.php?rest_route=%2Fwp%2Fv2%2Fcomments&post=9397"}],"version-history":[{"count":0,"href":"https:\/\/revistaepocadigital.com.ar\/index.php?rest_route=\/wp\/v2\/posts\/9397\/revisions"}],"wp:featuredmedia":[{"embeddable":true,"href":"https:\/\/revistaepocadigital.com.ar\/index.php?rest_route=\/wp\/v2\/media\/9400"}],"wp:attachment":[{"href":"https:\/\/revistaepocadigital.com.ar\/index.php?rest_route=%2Fwp%2Fv2%2Fmedia&parent=9397"}],"wp:term":[{"taxonomy":"category","embeddable":true,"href":"https:\/\/revistaepocadigital.com.ar\/index.php?rest_route=%2Fwp%2Fv2%2Fcategories&post=9397"},{"taxonomy":"post_tag","embeddable":true,"href":"https:\/\/revistaepocadigital.com.ar\/index.php?rest_route=%2Fwp%2Fv2%2Ftags&post=9397"}],"curies":[{"name":"wp","href":"https:\/\/api.w.org\/{rel}","templated":true}]}}