{"id":9419,"date":"2021-03-16T10:37:51","date_gmt":"2021-03-16T13:37:51","guid":{"rendered":"https:\/\/revistaepocadigital.com.ar\/?p=9419"},"modified":"2021-03-16T15:03:07","modified_gmt":"2021-03-16T18:03:07","slug":"el-fallecimiento-de-eve-sanchez","status":"publish","type":"post","link":"https:\/\/revistaepocadigital.com.ar\/?p=9419","title":{"rendered":"El fallecimiento de Eve S\u00e1nchez, una muy querida vecina"},"content":{"rendered":"<p><em><strong>&#8220;ESTIMADA COMUNIDAD.<\/strong><\/em><!--more--><\/p>\n<p><em>Hacemos llegar p\u00fablicamente el agradecimiento a nuestro querido Hospital Municipal San Jos\u00e9 por la atenci\u00f3n que recibi\u00f3 el pasado martes 9 de marzo nuestra madre, Eve Siciliani de S\u00e1nchez.<\/em><\/p>\n<p><em>Agradecer enormemente a la Dra. Mar\u00eda Mosse y a la enfermera Valeria Vargas, por su calidez y cercan\u00eda, quienes acompa\u00f1aron y cuidaron en todo momento a Eve. Una menci\u00f3n especial al Dr. Hern\u00e1n Sabino, quien de manera permanente nos mantuvo comunicados, brind\u00e1ndonos informaci\u00f3n clara, con un trato cercano, humano, emp\u00e1tico y profesional, tanto a mi mam\u00e1 y como a toda la familia.<\/em><\/p>\n<p><em>Aprovechamos tambi\u00e9n para poder expresar nuestro agradecimiento y emoci\u00f3n por todos los saludos y llamados que recibimos de los vecinos del pueblo ante el fallecimiento de nuestra madre; realmente ayudan a poder transitar este momento de tanto dolor y desconsuelo.<\/em><\/p>\n<p><em>Angel S\u00e1nchez y Familia<\/em><\/p>\n<p><em>Marita S\u00e1nchez y Familia<\/em><\/p>\n","protected":false},"excerpt":{"rendered":"<p>&#8220;ESTIMADA COMUNIDAD.<\/p>\n","protected":false},"author":3,"featured_media":9437,"comment_status":"open","ping_status":"open","sticky":false,"template":"","format":"standard","meta":{"footnotes":"","jetpack_publicize_message":"","jetpack_publicize_feature_enabled":true,"jetpack_social_post_already_shared":false,"jetpack_social_options":{"image_generator_settings":{"template":"highway","default_image_id":0,"font":"","enabled":false},"version":2}},"categories":[6,8],"tags":[693,405],"class_list":["post-9419","post","type-post","status-publish","format-standard","has-post-thumbnail","hentry","category-barrios","category-correo-de-lectores","tag-correo","tag-fallecimiento"],"jetpack_publicize_connections":[],"jetpack_featured_media_url":"https:\/\/revistaepocadigital.com.ar\/wp-content\/uploads\/2021\/03\/PHOTO-2021-03-16-11-36-55.jpg","jetpack_likes_enabled":true,"_links":{"self":[{"href":"https:\/\/revistaepocadigital.com.ar\/index.php?rest_route=\/wp\/v2\/posts\/9419","targetHints":{"allow":["GET"]}}],"collection":[{"href":"https:\/\/revistaepocadigital.com.ar\/index.php?rest_route=\/wp\/v2\/posts"}],"about":[{"href":"https:\/\/revistaepocadigital.com.ar\/index.php?rest_route=\/wp\/v2\/types\/post"}],"author":[{"embeddable":true,"href":"https:\/\/revistaepocadigital.com.ar\/index.php?rest_route=\/wp\/v2\/users\/3"}],"replies":[{"embeddable":true,"href":"https:\/\/revistaepocadigital.com.ar\/index.php?rest_route=%2Fwp%2Fv2%2Fcomments&post=9419"}],"version-history":[{"count":0,"href":"https:\/\/revistaepocadigital.com.ar\/index.php?rest_route=\/wp\/v2\/posts\/9419\/revisions"}],"wp:featuredmedia":[{"embeddable":true,"href":"https:\/\/revistaepocadigital.com.ar\/index.php?rest_route=\/wp\/v2\/media\/9437"}],"wp:attachment":[{"href":"https:\/\/revistaepocadigital.com.ar\/index.php?rest_route=%2Fwp%2Fv2%2Fmedia&parent=9419"}],"wp:term":[{"taxonomy":"category","embeddable":true,"href":"https:\/\/revistaepocadigital.com.ar\/index.php?rest_route=%2Fwp%2Fv2%2Fcategories&post=9419"},{"taxonomy":"post_tag","embeddable":true,"href":"https:\/\/revistaepocadigital.com.ar\/index.php?rest_route=%2Fwp%2Fv2%2Ftags&post=9419"}],"curies":[{"name":"wp","href":"https:\/\/api.w.org\/{rel}","templated":true}]}}