{"id":9440,"date":"2021-03-16T18:26:27","date_gmt":"2021-03-16T21:26:27","guid":{"rendered":"https:\/\/revistaepocadigital.com.ar\/?p=9440"},"modified":"2021-03-16T18:26:27","modified_gmt":"2021-03-16T21:26:27","slug":"jose-maria-shmidt-no-es-otra-interna-mas-es-una-bisagra-y-se-presentan-dos-miradas-de-radicalismo","status":"publish","type":"post","link":"https:\/\/revistaepocadigital.com.ar\/?p=9440","title":{"rendered":"Jos\u00e9 Mar\u00eda Shmidt &#8220;No es otra interna m\u00e1s, es una bisagra y se presentan dos miradas de radicalismo&#8221;"},"content":{"rendered":"<p><strong>Y LLEGA EL D\u00cdA.<\/strong><!--more--><\/p>\n<p>El domingo 21 de marzo, luego de la postergaci\u00f3n del a\u00f1o pasado, los radicales votan en elecciones internas para elegir las mesas directivas.<\/p>\n<p>La lista 114 encabezada por Rosa Tedesco de C\u00e1ndido como candidata a presidente del Comit\u00e9 local, muestra como postulante a vice al vecino de Cardales, <strong>Jos\u00e9 Mar\u00eda Shmidt <\/strong>quien convers\u00f3 con EPOCA.<\/p>\n<p><em>&#8220;En estos momentos, la UCR se encuentra en una etapa de elecciones internas por el liderazgo del partido. Nosotros representamos a la Lista 114 con Rosa de Candido como candidata a presidente y a nivel provincial apoyamos a la Lista 14 que postula como presidente a Gustavo Posse, dicha lista se denomina Protagonismo Radical. Significa protagonismo, es decir volver a recuperar el lugar preponderante que alguna vez la UCR local tuvo en la vida pol\u00edtica de Exaltaci\u00f3n de la Cruz&#8221;<\/em>, sostuvo Shimidt.<\/p>\n<p><em>&#8220;Significa dejar de ser expectante<\/em> -apunt\u00f3-,<em> dejar de lado la comodidad de sentirse minor\u00eda, para pasar a la responsabilidad de ser mayor\u00eda, la interna lleva esa posici\u00f3n contrapuesta en las dos listas. Una apunta a seguir en la comodidad de los asientos y permanecer atornillados a ellos; en cambio nosotros queremos ser protagonistas principales, y convertirnos de verdad en una opci\u00f3n para el electorado&#8221;.<\/em><\/p>\n<p>Acerca de las metas mencionadas, Shmidt agreg\u00f3, &#8220;<em>para que lo que digo pueda lograrse, el principal objetivo que tenemos es poner en funcionamiento el Comit\u00e9 de la calle Yrigoyen de Capilla del Se\u00f1or. Y no se trata solamente del techo de las instalaciones que se encuentra en malas condiciones, sino despu\u00e9s del cambio del techo viene lo mas dif\u00edcil, y es conseguir que el Comit\u00e9 recobre vida en su funcionamiento, reuniones, plenarios, asamblea, y que sea de utilidad para diversos encuentros sociales. Por ejemplo como recinto para charlas de cultura y educaci\u00f3n terciarias, dictadas por universidades y muchas actividades m\u00e1s&#8221;.<\/em><\/p>\n<p>Le preocupaba al candidato a vicepresidente que a una semana de la interna no estuvieran confirmadas las escuelas donde se iba a votar, exist\u00eda un protocolo general por la pandemia y padr\u00f3n listo, pero no estaban confirmadas las instalaciones para votar. Ser\u00edan tres, la Escuela Media de Cardales, la Escuela 12 de Capilla y la Escuela 4 de Parada Robles. Restaban conocerse los lugares en Diego Gaynor, Chenaut y La Lata.<\/p>\n<p>&#8220;Esta interna no es otra m\u00e1s, es una interna bisagra donde se presentan dos miradas de radicalismo. Sumisi\u00f3n dentro de un frente electoral o una co-conducci\u00f3n junto a los integrantes de ese frente electoral, y que se convierta en un frente conjunto de gesti\u00f3n, donde los radicales hagamos valer nuestra ideas, nuestra participaci\u00f3n y compromiso. Nosotros representamos el presente y el pasado del radicalismo, pero no el futuro porque decimos esto: Presente, para recuperar nuestro comit\u00e9 y su funcionamiento, Pasado porque recordamos a nuestro pr\u00f3ceres y nuestras ideas y aqu\u00ed lo mas importante, el Futuro ser\u00e1n los nuevos j\u00f3venes que ayudaremos a crecer y prevalecer en el radicalismo del ma\u00f1ana, sin juventud radical no habr\u00e1 futuro y depender\u00e1 de nosotros colaborar&#8221;, consider\u00f3 Shmidt.<\/p>\n<p>Foto portada: En un reciente encuentro, Mart\u00edn Losteau, Rosa C\u00e1ndido, y candidatos; Shmidt (der.)<\/p>\n<p>&nbsp;<\/p>\n","protected":false},"excerpt":{"rendered":"<p>Y LLEGA EL D\u00cdA.<\/p>\n","protected":false},"author":4,"featured_media":9444,"comment_status":"open","ping_status":"open","sticky":false,"template":"","format":"standard","meta":{"footnotes":"","jetpack_publicize_message":"","jetpack_publicize_feature_enabled":true,"jetpack_social_post_already_shared":false,"jetpack_social_options":{"image_generator_settings":{"template":"highway","default_image_id":0,"font":"","enabled":false},"version":2}},"categories":[17],"tags":[1080,1260],"class_list":["post-9440","post","type-post","status-publish","format-standard","has-post-thumbnail","hentry","category-politica","tag-1080","tag-internas-ucr"],"jetpack_publicize_connections":[],"jetpack_featured_media_url":"https:\/\/revistaepocadigital.com.ar\/wp-content\/uploads\/2021\/03\/ucr-int21.jpg","jetpack_likes_enabled":true,"_links":{"self":[{"href":"https:\/\/revistaepocadigital.com.ar\/index.php?rest_route=\/wp\/v2\/posts\/9440","targetHints":{"allow":["GET"]}}],"collection":[{"href":"https:\/\/revistaepocadigital.com.ar\/index.php?rest_route=\/wp\/v2\/posts"}],"about":[{"href":"https:\/\/revistaepocadigital.com.ar\/index.php?rest_route=\/wp\/v2\/types\/post"}],"author":[{"embeddable":true,"href":"https:\/\/revistaepocadigital.com.ar\/index.php?rest_route=\/wp\/v2\/users\/4"}],"replies":[{"embeddable":true,"href":"https:\/\/revistaepocadigital.com.ar\/index.php?rest_route=%2Fwp%2Fv2%2Fcomments&post=9440"}],"version-history":[{"count":0,"href":"https:\/\/revistaepocadigital.com.ar\/index.php?rest_route=\/wp\/v2\/posts\/9440\/revisions"}],"wp:featuredmedia":[{"embeddable":true,"href":"https:\/\/revistaepocadigital.com.ar\/index.php?rest_route=\/wp\/v2\/media\/9444"}],"wp:attachment":[{"href":"https:\/\/revistaepocadigital.com.ar\/index.php?rest_route=%2Fwp%2Fv2%2Fmedia&parent=9440"}],"wp:term":[{"taxonomy":"category","embeddable":true,"href":"https:\/\/revistaepocadigital.com.ar\/index.php?rest_route=%2Fwp%2Fv2%2Fcategories&post=9440"},{"taxonomy":"post_tag","embeddable":true,"href":"https:\/\/revistaepocadigital.com.ar\/index.php?rest_route=%2Fwp%2Fv2%2Ftags&post=9440"}],"curies":[{"name":"wp","href":"https:\/\/api.w.org\/{rel}","templated":true}]}}