{"id":9449,"date":"2021-03-17T20:41:07","date_gmt":"2021-03-17T23:41:07","guid":{"rendered":"https:\/\/revistaepocadigital.com.ar\/?p=9449"},"modified":"2021-03-17T20:42:51","modified_gmt":"2021-03-17T23:42:51","slug":"la-provincia-analiza-vacunar-con-una-sola-dosis-contra-el-covid-19","status":"publish","type":"post","link":"https:\/\/revistaepocadigital.com.ar\/?p=9449","title":{"rendered":"La Provincia analiza vacunar con una sola dosis contra el Covid-19"},"content":{"rendered":"<header class=\"header | col widescreen-12 desktop-12 tablet-12 width_full\">\n<div class=\"nd-article-header border_bottom border_1 border_lightgray \">\n<h5 class=\"article-headline | bold width_full\"><strong>LO ADMITIO LA FUNCIONARIA LETICIA CERIANI. <!--more--><\/strong><\/h5>\n<h5 class=\"article-subheadline | article-subheadline margin_bottom_20px width_full\">Ac\u00e1 la nota publicada por el portal Infobae. Sostuvo que esta decisi\u00f3n permitir\u00eda reducir la mortalidad y tambi\u00e9n los cuadros graves de cara al invierno. Esta semana, la ministra de Salud Carla Vizzoti hab\u00eda aclarado que \u201cnunca se habl\u00f3 de dar solo una dosis, sino de diferir la segunda dosis. Es vacunar m\u00e1s personas con la primera dosis para vacunar a m\u00e1s gente\u201d<\/h5>\n<div class=\"grid\">\n<div class=\"byline | col widescreen-8 desktop-8 tablet-12 nd-article-byline display_flex align_items_center isText width_full\">\n<div class=\"byline-text-wrapper\">\n<div class=\"byline-description col widescreen-8 desktop-8 tablet-12 width_full\"><\/div>\n<\/div>\n<\/div>\n<\/div>\n<\/div>\n<\/header>\n<article class=\"article | col widescreen-8 desktop-8 tablet-12 width_full\">\n<div class=\"nd-body-article\">\n<div class=\"visual__image image_container\"><img loading=\"lazy\" decoding=\"async\" src=\"https:\/\/www.infobae.com\/new-resizer\/wBgVyBFU9dAwWBdD1CNJROu3FLg=\/420x236\/filters:format(jpg):quality(85)\/cloudfront-us-east-1.images.arcpublishing.com\/infobae\/CNN6FHKM4VH2PIUCJJQJOQ4XYM.jpg\" sizes=\"auto, (min-width: 800px) 50vw, 90vw\" srcset=\"https:\/\/www.infobae.com\/new-resizer\/wBgVyBFU9dAwWBdD1CNJROu3FLg=\/420x236\/filters:format(jpg):quality(85)\/cloudfront-us-east-1.images.arcpublishing.com\/infobae\/CNN6FHKM4VH2PIUCJJQJOQ4XYM.jpg 420w,https:\/\/www.infobae.com\/new-resizer\/a_6D4Ing6-KeFdUSI6NVQdNxVMQ=\/768x432\/filters:format(jpg):quality(85)\/cloudfront-us-east-1.images.arcpublishing.com\/infobae\/CNN6FHKM4VH2PIUCJJQJOQ4XYM.jpg 768w,https:\/\/www.infobae.com\/new-resizer\/gyK0KVGAsfUOFfB-62xx9Tyl_nI=\/992x558\/filters:format(jpg):quality(85)\/cloudfront-us-east-1.images.arcpublishing.com\/infobae\/CNN6FHKM4VH2PIUCJJQJOQ4XYM.jpg 992w,https:\/\/www.infobae.com\/new-resizer\/DkT4o4Go8vv2SnGAlwlSYAjtpqY=\/1200x675\/filters:format(jpg):quality(85)\/cloudfront-us-east-1.images.arcpublishing.com\/infobae\/CNN6FHKM4VH2PIUCJJQJOQ4XYM.jpg 1200w\" alt=\"La provincia de Buenos Aires confirm\u00f3 su intenci\u00f3n de aplicar una sola dosis de las vacunas contra el coronavirus\" width=\"1920\" height=\"1080\" \/><\/div>\n<p class=\"paragraph\">El <b>ritmo lento <\/b>de vacunaci\u00f3n en todo el pa\u00eds llev\u00f3 a que <mark class=\"hl_yellow\">las autoridades del ministerio de Salud de la provincia de Buenos Aires <b>consideren la aplicaci\u00f3n de una sola dosis a m\u00e1s personas en vez de dos a un menor n\u00famero de bonaerenses<\/b><\/mark>. De esta manera, aseguran, <b>se evitar\u00edan cuadros graves y se reducir\u00eda la mortalidad de cara al invierno.<\/b><\/p>\n<p class=\"paragraph\">As\u00ed lo inform\u00f3 la subsecretaria de Gesti\u00f3n de la Informaci\u00f3n del Ministerio de Salud bonaerense, <b>Leticia Ceriani<\/b>, quien al ser consultada sobre esta posibilidad afirm\u00f3: <b>\u201cEs algo que sin dudas est\u00e1 en discusi\u00f3n<\/b>. De hecho, hay vacunas que tienen una sola dosis. Se est\u00e1 analizando en distintas partes del mundo y a nosotros nos parece sumamente razonable. <mark class=\"hl_yellow\"><b>No hay ninguna duda de que nuestro principal objetivo es vacunar mucha gente con una dosis, m\u00e1s que vacunar poca gente con esquema completo<\/b><\/mark>\u201d.<\/p>\n<p class=\"paragraph\">En di\u00e1logo con <i>AM 1220<\/i> <i>Eco Medios<\/i>, Ceriani sostuvo que una dosis de la vacuna contra el coronavirus produce la cantidad suficiente de anticuerpos para evitar cuadros graves: \u201c<mark class=\"hl_yellow\"><b>Con una dosis alcanza<\/b><\/mark>, por eso la importancia de poder <b>garantizar primeras dosis a la mayor cantidad posible de la poblaci\u00f3n <\/b>y luego, s\u00ed, una vez que eso est\u00e9 garantizado, avanzar hacia completar esquemas. Pero sin ninguna duda <b>vacunar con una dosis es una perspectiva que en t\u00e9rminos sanitarios y en t\u00e9rminos de reducir la mortalidad es sumamente razonable\u201d<\/b>.<\/p>\n<div class=\"inline | ad-wrapper display_flex align_items_center width_full justify_center\">\n<div class=\"dfpAd display_inline_block ad_margin_wrapper text--center\">\n<div id=\"infobae\/sociedad\/nota\/inline\" class=\"infobae\/sociedad\/nota\/inline arcad\" data-google-query-id=\"COSM89q5uO8CFW4DuQYdG-4Atg\">\n<div id=\"google_ads_iframe_\/1058609\/infobae\/sociedad\/nota\/inline_0__container__\"><iframe id=\"google_ads_iframe_\/1058609\/infobae\/sociedad\/nota\/inline_0\" title=\"3rd party ad content\" name=\"google_ads_iframe_\/1058609\/infobae\/sociedad\/nota\/inline_0\" width=\"1\" height=\"1\" frameborder=\"0\" marginwidth=\"0\" marginheight=\"0\" scrolling=\"no\" data-google-container-id=\"3\" data-load-complete=\"true\" data-mce-fragment=\"1\"><\/iframe><\/div>\n<\/div>\n<\/div>\n<\/div>\n<p class=\"paragraph\">La provincia de Buenos Aires lleva aplicadas m\u00e1s de un mill\u00f3n de vacunas, pero <b>menos de 200 mil recibieron las dos dosis<\/b>. \u201c<mark class=\"hl_yellow\"><b>Necesitamos llegar al invierno con la mayor cantidad de personas vacunadas.<\/b><\/mark> Eso nos va a permitir reducir la mortalidad. Est\u00e1 probado que con una dosis de las vacunas se reducen en m\u00e1s de un 80% los cuadros graves, con lo cual en t\u00e9rminos de estrategia sanitaria es la adecuada, <b>teniendo en cuenta que tenemos el invierno muy pr\u00f3ximo y tambi\u00e9n la situaci\u00f3n epidemiol\u00f3gica que se est\u00e1 dando en los pa\u00edses de la regi\u00f3n<\/b>\u201d, explic\u00f3 la funcionaria bonaerense.<\/p>\n<p class=\"paragraph\">\u201cSi bien la pandemia contin\u00faa y no podemos estar tranquilos con la situaci\u00f3n, creo que hemos atravesado un a\u00f1o sumamente dif\u00edcil, de los m\u00e1s dif\u00edciles de la historia de nuestro pa\u00eds, con un resultado que es bueno m\u00e1s all\u00e1 de que tuvimos muchas p\u00e9rdidas, algo que no puede despejarse. <b>Hemos atravesado una pandemia sin que haya una saturaci\u00f3n del sistema de salud <\/b>y garantizando que cada persona que necesitaba una cama o un respirador pudo contar con eso, y eso da cuenta de un buen resultado\u201d, agreg\u00f3.<\/p>\n<p class=\"paragraph\">En una reuni\u00f3n de la que particip\u00f3 <b>Infobae<\/b>, la ministra de Salud de la Naci\u00f3n, <a href=\"https:\/\/www.infobae.com\/salud\/2021\/03\/15\/una-sola-dosis-de-vacuna-covid-19-o-diferir-la-segunda-el-ministerio-de-salud-estudia-la-segunda-opcion\/\" target=\"_blank\" rel=\"noopener\"><b>Carla Vizzotti<\/b>, hab\u00eda adelantado<\/a>: \u201cEstamos en contacto con el gobierno del Reino Unido, que tiene una mirada sanitaria. No individual. Est\u00e1 claro que lo ideal para una persona es recibir las dosis en el menor tiempo posible para tener la mayor protecci\u00f3n individual. <b>Pero si se logra que m\u00e1s gente reciba las dosis -aunque sea menos protecci\u00f3n- puede tener mayor impacto sanitario\u201d.<\/b><\/p>\n<p class=\"paragraph\">Sin embargo, a diferencia de las declaraciones de Ceriani, Vizzotti aclar\u00f3: \u201c<mark class=\"hl_yellow\"><b>Nunca se habl\u00f3 de dar solo una dosis, sino de diferir la segunda dosis. Es una diferencia. No es solo una dosis, sino vacunar m\u00e1s personas con la primera dosis para vacunar a m\u00e1s gente\u201d.<\/b><\/mark><\/p>\n<p class=\"paragraph\">La funcionaria subray\u00f3 que en pa\u00edses como Israel baj\u00f3 la mortalidad en el grupo de mayor riesgo de complicaciones y muertes, como consecuencia de la utilizaci\u00f3n de este esquema. \u201c<b>Al vacunar a m\u00e1s personas, se reduce el impacto en el sistema de salud<\/b>\u201d, agreg\u00f3. Vizzotti coment\u00f3 que ya en la Ciudad de Buenos Aires est\u00e1n citando a los 3 meses para recibir la segunda dosis de la vacuna para COVID-19. <b>\u201cEn el carnet figura que la segunda dosis es a partir de los 21 d\u00edas\u201d<\/b>, se\u00f1al\u00f3, pero cada jurisdicci\u00f3n puede diferir la aplicaci\u00f3n de la segunda dosis.<\/p>\n<div class=\"visual__image image_container\"><img loading=\"lazy\" decoding=\"async\" src=\"https:\/\/www.infobae.com\/new-resizer\/ec0P31yfApixXFcNhm_Xz8Mxd-k=\/420x236\/filters:format(jpg):quality(85)\/cloudfront-us-east-1.images.arcpublishing.com\/infobae\/ANQURSSHMZGIPOE5TDESTTYYIU.jpg\" sizes=\"auto, (min-width: 800px) 50vw, 90vw\" srcset=\"https:\/\/www.infobae.com\/new-resizer\/ec0P31yfApixXFcNhm_Xz8Mxd-k=\/420x236\/filters:format(jpg):quality(85)\/cloudfront-us-east-1.images.arcpublishing.com\/infobae\/ANQURSSHMZGIPOE5TDESTTYYIU.jpg 420w,https:\/\/www.infobae.com\/new-resizer\/zH2vCBt5FgvZ2sFBR-IJl_nQHTQ=\/768x432\/filters:format(jpg):quality(85)\/cloudfront-us-east-1.images.arcpublishing.com\/infobae\/ANQURSSHMZGIPOE5TDESTTYYIU.jpg 768w,https:\/\/www.infobae.com\/new-resizer\/Z423QVUDFh4xXLwtxdIWWtm_MzM=\/992x558\/filters:format(jpg):quality(85)\/cloudfront-us-east-1.images.arcpublishing.com\/infobae\/ANQURSSHMZGIPOE5TDESTTYYIU.jpg 992w,https:\/\/www.infobae.com\/new-resizer\/pZ3NbXMZdztIXawasRoCVu1we6Q=\/1200x675\/filters:format(jpg):quality(85)\/cloudfront-us-east-1.images.arcpublishing.com\/infobae\/ANQURSSHMZGIPOE5TDESTTYYIU.jpg 1200w\" alt=\"La ministra de Salud de la Naci\u00f3n, Carla Vizzotti (Presidencia)\" width=\"5000\" height=\"2812\" \/>La ministra de Salud de la Naci\u00f3n, Carla Vizzotti (Foto Presidencia)<\/div>\n<div><\/div>\n<p class=\"paragraph\">Por otro lado, Aerol\u00edneas Argentinas confirm\u00f3 (17\/3) que <a href=\"https:\/\/www.infobae.com\/sociedad\/2021\/03\/17\/esta-madrugada-partira-un-nuevo-vuelo-a-rusia-a-buscar-mas-dosis-de-la-sputnik-v\/\" target=\"_blank\" rel=\"noopener\"><b>ma\u00f1ana a la 1.05 (18\/3) partir\u00e1 el s\u00e9ptimo vuelo rumbo a la ciudad de Mosc\u00fa<\/b><\/a><b>, Rusia, para traer dosis de vacunas Sputnik V<\/b>. Tal como hab\u00eda adelantado <b>Infobae<\/b>, el vuelo AR1060 cubrir\u00e1 la ruta de forma directa y permanecer\u00e1 en Mosc\u00fa alrededor de cuatro horas para realizar la estiba del cargamento. El regreso al aeropuerto internacional de Ezeiza bajo el n\u00famero AR1061 ser\u00e1 el viernes 19 a las 15.<\/p>\n<p class=\"paragraph\">Si bien la cantidad de vacunas del cargamento no fue oficializada, en la Casa Rosada <b>estiman que rondar\u00e1 las 300.000 dosis<\/b>. Desde que asumi\u00f3 al frente del Ministerio de Salud, Carla Vizzotti evit\u00f3 divulgar el tama\u00f1o de los cargamentos para no generar \u201cfalsas expectativas\u201d que podr\u00edan luego no cumplirse debido a las dificultades de producci\u00f3n del laboratorio Gamaleya.<\/p>\n<p class=\"paragraph\">Foto portada: Aerol\u00edneas Argentinas<\/p>\n<\/div>\n<\/article>\n","protected":false},"excerpt":{"rendered":"<p>LO ADMITIO LA FUNCIONARIA LETICIA CERIANI.<\/p>\n","protected":false},"author":3,"featured_media":9453,"comment_status":"open","ping_status":"open","sticky":false,"template":"","format":"standard","meta":{"footnotes":"","jetpack_publicize_message":"","jetpack_publicize_feature_enabled":true,"jetpack_social_post_already_shared":false,"jetpack_social_options":{"image_generator_settings":{"template":"highway","default_image_id":0,"font":"","enabled":false},"version":2}},"categories":[17],"tags":[1261,1151],"class_list":["post-9449","post","type-post","status-publish","format-standard","has-post-thumbnail","hentry","category-politica","tag-dosis","tag-vacunas"],"jetpack_publicize_connections":[],"jetpack_featured_media_url":"https:\/\/revistaepocadigital.com.ar\/wp-content\/uploads\/2021\/03\/156586455_4430515156963587_7817890950333553124_n.jpg","jetpack_likes_enabled":true,"_links":{"self":[{"href":"https:\/\/revistaepocadigital.com.ar\/index.php?rest_route=\/wp\/v2\/posts\/9449","targetHints":{"allow":["GET"]}}],"collection":[{"href":"https:\/\/revistaepocadigital.com.ar\/index.php?rest_route=\/wp\/v2\/posts"}],"about":[{"href":"https:\/\/revistaepocadigital.com.ar\/index.php?rest_route=\/wp\/v2\/types\/post"}],"author":[{"embeddable":true,"href":"https:\/\/revistaepocadigital.com.ar\/index.php?rest_route=\/wp\/v2\/users\/3"}],"replies":[{"embeddable":true,"href":"https:\/\/revistaepocadigital.com.ar\/index.php?rest_route=%2Fwp%2Fv2%2Fcomments&post=9449"}],"version-history":[{"count":0,"href":"https:\/\/revistaepocadigital.com.ar\/index.php?rest_route=\/wp\/v2\/posts\/9449\/revisions"}],"wp:featuredmedia":[{"embeddable":true,"href":"https:\/\/revistaepocadigital.com.ar\/index.php?rest_route=\/wp\/v2\/media\/9453"}],"wp:attachment":[{"href":"https:\/\/revistaepocadigital.com.ar\/index.php?rest_route=%2Fwp%2Fv2%2Fmedia&parent=9449"}],"wp:term":[{"taxonomy":"category","embeddable":true,"href":"https:\/\/revistaepocadigital.com.ar\/index.php?rest_route=%2Fwp%2Fv2%2Fcategories&post=9449"},{"taxonomy":"post_tag","embeddable":true,"href":"https:\/\/revistaepocadigital.com.ar\/index.php?rest_route=%2Fwp%2Fv2%2Ftags&post=9449"}],"curies":[{"name":"wp","href":"https:\/\/api.w.org\/{rel}","templated":true}]}}