{"id":9463,"date":"2021-03-18T00:53:07","date_gmt":"2021-03-18T03:53:07","guid":{"rendered":"https:\/\/revistaepocadigital.com.ar\/?p=9463"},"modified":"2021-03-18T14:43:46","modified_gmt":"2021-03-18T17:43:46","slug":"sorteo-para-los-afiliados-del-sindicato-de-empleados-de-comercio-zarate","status":"publish","type":"post","link":"https:\/\/revistaepocadigital.com.ar\/?p=9463","title":{"rendered":"SORTEO PARA LOS AFILIADOS DEL SINDICATO DE EMPLEADOS DE COMERCIO Z\u00c1RATE"},"content":{"rendered":"<p><strong>UN CHANGO FAMILIAR.<\/strong><!--more--><\/p>\n<div dir=\"ltr\">El Sindicato ha organizado otra acci\u00f3n apuntada a sus afiliados entre los que se encuentran desde ya, los de Exaltaci\u00f3n de la Cruz.<\/div>\n<div dir=\"ltr\"><\/div>\n<div dir=\"ltr\">Se trata del sorteo de un chango familiar.<\/div>\n<div dir=\"ltr\"><\/div>\n<div dir=\"ltr\"><\/div>\n<div dir=\"ltr\"><img loading=\"lazy\" decoding=\"async\" class=\"alignleft size-full wp-image-9470\" src=\"https:\/\/revistaepocadigital.com.ar\/wp-content\/uploads\/2021\/03\/22780555_1969847336608947_5174933103523716274_n.jpg\" alt=\"\" width=\"585\" height=\"585\" srcset=\"https:\/\/revistaepocadigital.com.ar\/wp-content\/uploads\/2021\/03\/22780555_1969847336608947_5174933103523716274_n.jpg 585w, https:\/\/revistaepocadigital.com.ar\/wp-content\/uploads\/2021\/03\/22780555_1969847336608947_5174933103523716274_n-300x300.jpg 300w, https:\/\/revistaepocadigital.com.ar\/wp-content\/uploads\/2021\/03\/22780555_1969847336608947_5174933103523716274_n-150x150.jpg 150w, https:\/\/revistaepocadigital.com.ar\/wp-content\/uploads\/2021\/03\/22780555_1969847336608947_5174933103523716274_n-420x420.jpg 420w\" sizes=\"auto, (max-width: 585px) 100vw, 585px\" \/><\/div>\n<div dir=\"ltr\"><\/div>\n<div dir=\"ltr\"><\/div>\n<div dir=\"ltr\"><\/div>\n<div dir=\"ltr\"><\/div>\n<div dir=\"ltr\"><\/div>\n<div dir=\"ltr\"><\/div>\n<div dir=\"ltr\"><\/div>\n<div dir=\"ltr\"><\/div>\n<div dir=\"ltr\"><\/div>\n<div dir=\"ltr\"><\/div>\n<div dir=\"ltr\"><\/div>\n<div dir=\"ltr\"><\/div>\n<div dir=\"ltr\"><\/div>\n<div dir=\"ltr\"><\/div>\n<div dir=\"ltr\"><\/div>\n<div dir=\"ltr\"><\/div>\n<div dir=\"ltr\"><\/div>\n<div dir=\"ltr\"><\/div>\n<div dir=\"ltr\"><\/div>\n<div dir=\"ltr\"><\/div>\n<div dir=\"ltr\"><\/div>\n<div dir=\"ltr\"><\/div>\n<div dir=\"ltr\"><\/div>\n<div dir=\"ltr\"><\/div>\n<div dir=\"ltr\"><\/div>\n<div dir=\"ltr\"><img loading=\"lazy\" decoding=\"async\" class=\"alignleft size-full wp-image-9481\" src=\"https:\/\/revistaepocadigital.com.ar\/wp-content\/uploads\/2021\/03\/PHOTO-2021-03-18-09-27-15.jpg\" alt=\"\" width=\"797\" height=\"1024\" srcset=\"https:\/\/revistaepocadigital.com.ar\/wp-content\/uploads\/2021\/03\/PHOTO-2021-03-18-09-27-15.jpg 797w, https:\/\/revistaepocadigital.com.ar\/wp-content\/uploads\/2021\/03\/PHOTO-2021-03-18-09-27-15-233x300.jpg 233w, https:\/\/revistaepocadigital.com.ar\/wp-content\/uploads\/2021\/03\/PHOTO-2021-03-18-09-27-15-768x987.jpg 768w, https:\/\/revistaepocadigital.com.ar\/wp-content\/uploads\/2021\/03\/PHOTO-2021-03-18-09-27-15-696x894.jpg 696w, https:\/\/revistaepocadigital.com.ar\/wp-content\/uploads\/2021\/03\/PHOTO-2021-03-18-09-27-15-327x420.jpg 327w, https:\/\/revistaepocadigital.com.ar\/wp-content\/uploads\/2021\/03\/PHOTO-2021-03-18-09-27-15-654x840.jpg 654w\" sizes=\"auto, (max-width: 797px) 100vw, 797px\" \/><\/div>\n<div dir=\"ltr\"><\/div>\n<div dir=\"ltr\">Para participar se debe enviar un mensaje al tel\u00e9fono celular del sindicato, que debe incluir el nombre y apellido m\u00e1s el n\u00famero de afiliado del titular.<\/div>\n<div dir=\"ltr\"><\/div>\n<div dir=\"ltr\">El sorteo se realiza el <strong>25 de marzo.<\/strong><\/div>\n<p>&nbsp;<\/p>\n<p style=\"text-align: center;\"><strong>&#8230;&#8230;&#8230;&#8230;&#8230;&#8230;&#8230;&#8230;&#8230;&#8230;&#8230;&#8230;&#8230;.<\/strong><\/p>\n<p><strong>Y AC\u00c1, ENTERATE LAS GANADORAS DEL SORTEO POR EL D\u00cdA DE LA MUJER.<\/strong><\/p>\n<div class=\"\" dir=\"auto\">\n<div id=\"jsc_c_1we\" class=\"ecm0bbzt hv4rvrfc ihqw7lf3 dati1w0a\" data-ad-comet-preview=\"message\" data-ad-preview=\"message\">\n<div class=\"j83agx80 cbu4d94t ew0dbk1b irj2b8pg\">\n<div class=\"qzhwtbm6 knvmm38d\">\n<div class=\"kvgmc6g5 cxmmr5t8 oygrvhab hcukyx3x c1et5uql ii04i59q\">\n<div dir=\"auto\"><\/div>\n<div dir=\"auto\"><strong>Vouchers:<\/strong><\/div>\n<div dir=\"auto\">Alegre Nancy<\/div>\n<div dir=\"auto\">Gonzalez Eliana<\/div>\n<div dir=\"auto\">Mar\u00eda Laura Valmala<\/div>\n<div dir=\"auto\">Julieta Palacios<\/div>\n<div dir=\"auto\">Silvana Palacios<\/div>\n<\/div>\n<div class=\"o9v6fnle cxmmr5t8 oygrvhab hcukyx3x c1et5uql ii04i59q\">\n<div dir=\"auto\"><\/div>\n<div dir=\"auto\"><strong>Carteras:<\/strong><\/div>\n<div dir=\"auto\">Azzalini Ver\u00f3nica<\/div>\n<div dir=\"auto\">Saunder Mirian<\/div>\n<div dir=\"auto\">Moriconi Cristina<\/div>\n<div dir=\"auto\">L\u00f3pez Leonor<\/div>\n<div dir=\"auto\">Correa Agustina<\/div>\n<div dir=\"auto\">Herrera Maria de los \u00c1ngeles<\/div>\n<div dir=\"auto\">Uribe Liliana<\/div>\n<div dir=\"auto\">Fern\u00e1ndez Graciela<\/div>\n<\/div>\n<\/div>\n<\/div>\n<\/div>\n<\/div>\n<div id=\"jsc_c_1wf\" class=\"l9j0dhe7\">\n<div class=\"l9j0dhe7\">\n<div>\n<div>\n<div class=\"l9j0dhe7\">\n<div class=\"l9j0dhe7\">\n<div class=\"ni8dbmo4 stjgntxs pmk7jnqg\"><\/div>\n<\/div>\n<\/div>\n<\/div>\n<\/div>\n<\/div>\n<\/div>\n<p>&nbsp;<\/p>\n<p>&nbsp;<\/p>\n","protected":false},"excerpt":{"rendered":"<p>UN CHANGO FAMILIAR.<\/p>\n","protected":false},"author":3,"featured_media":9481,"comment_status":"open","ping_status":"open","sticky":false,"template":"","format":"standard","meta":{"footnotes":"","jetpack_publicize_message":"","jetpack_publicize_feature_enabled":true,"jetpack_social_post_already_shared":false,"jetpack_social_options":{"image_generator_settings":{"template":"highway","default_image_id":0,"font":"","enabled":false},"version":2}},"categories":[151],"tags":[37,695,723],"class_list":["post-9463","post","type-post","status-publish","format-standard","has-post-thumbnail","hentry","category-empleados-de-comercio","tag-destacada","tag-sindicato-comercio","tag-sorteo"],"jetpack_publicize_connections":[],"jetpack_featured_media_url":"https:\/\/revistaepocadigital.com.ar\/wp-content\/uploads\/2021\/03\/PHOTO-2021-03-18-09-27-15.jpg","jetpack_likes_enabled":true,"_links":{"self":[{"href":"https:\/\/revistaepocadigital.com.ar\/index.php?rest_route=\/wp\/v2\/posts\/9463","targetHints":{"allow":["GET"]}}],"collection":[{"href":"https:\/\/revistaepocadigital.com.ar\/index.php?rest_route=\/wp\/v2\/posts"}],"about":[{"href":"https:\/\/revistaepocadigital.com.ar\/index.php?rest_route=\/wp\/v2\/types\/post"}],"author":[{"embeddable":true,"href":"https:\/\/revistaepocadigital.com.ar\/index.php?rest_route=\/wp\/v2\/users\/3"}],"replies":[{"embeddable":true,"href":"https:\/\/revistaepocadigital.com.ar\/index.php?rest_route=%2Fwp%2Fv2%2Fcomments&post=9463"}],"version-history":[{"count":0,"href":"https:\/\/revistaepocadigital.com.ar\/index.php?rest_route=\/wp\/v2\/posts\/9463\/revisions"}],"wp:featuredmedia":[{"embeddable":true,"href":"https:\/\/revistaepocadigital.com.ar\/index.php?rest_route=\/wp\/v2\/media\/9481"}],"wp:attachment":[{"href":"https:\/\/revistaepocadigital.com.ar\/index.php?rest_route=%2Fwp%2Fv2%2Fmedia&parent=9463"}],"wp:term":[{"taxonomy":"category","embeddable":true,"href":"https:\/\/revistaepocadigital.com.ar\/index.php?rest_route=%2Fwp%2Fv2%2Fcategories&post=9463"},{"taxonomy":"post_tag","embeddable":true,"href":"https:\/\/revistaepocadigital.com.ar\/index.php?rest_route=%2Fwp%2Fv2%2Ftags&post=9463"}],"curies":[{"name":"wp","href":"https:\/\/api.w.org\/{rel}","templated":true}]}}