{"id":9484,"date":"2021-03-18T23:49:54","date_gmt":"2021-03-19T02:49:54","guid":{"rendered":"https:\/\/revistaepocadigital.com.ar\/?p=9484"},"modified":"2021-03-18T23:49:30","modified_gmt":"2021-03-19T02:49:30","slug":"convenio-con-la-universidad-nacional-de-san-antonio-de-areco-y-vamos-por-mas-dijo-nanni","status":"publish","type":"post","link":"https:\/\/revistaepocadigital.com.ar\/?p=9484","title":{"rendered":"Convenio con la Universidad Nacional de San Antonio de Areco, &#8220;y vamos por m\u00e1s&#8221; dijo Nanni"},"content":{"rendered":"<div class=\"\" dir=\"auto\">\n<div id=\"jsc_c_2i\" class=\"ecm0bbzt hv4rvrfc ihqw7lf3 dati1w0a\" data-ad-comet-preview=\"message\" data-ad-preview=\"message\">\n<div class=\"j83agx80 cbu4d94t ew0dbk1b irj2b8pg\">\n<div class=\"qzhwtbm6 knvmm38d\">\n<div class=\"kvgmc6g5 cxmmr5t8 oygrvhab hcukyx3x c1et5uql ii04i59q\">\n<div dir=\"auto\"><strong>FUE SUSCRIPTO (18\/3).<\/strong><!--more--><\/div>\n<\/div>\n<div class=\"o9v6fnle cxmmr5t8 oygrvhab hcukyx3x c1et5uql ii04i59q\">\n<div dir=\"auto\">El municipio suscribi\u00f3 un convenio con la Universidad Nacional de San Antonio de Areco (UNSADA), Incluye la puesta en marcha de una nueva carrera en nuestro distrito: Acompa\u00f1amiento Terap\u00e9utico.<\/div>\n<\/div>\n<div class=\"o9v6fnle cxmmr5t8 oygrvhab hcukyx3x c1et5uql ii04i59q\">\n<div dir=\"auto\"><\/div>\n<div dir=\"auto\">El anuncio consolida un camino iniciado tiempo atr\u00e1s, para permitir que hombres y mujeres vecinos de Exaltaci\u00f3n de la Cruz, puedan cursar carreras terciarias y universitarias en nuestro distrito, y representa un paso m\u00e1s hacia la materializaci\u00f3n del Centro Universitario.<\/div>\n<div dir=\"auto\"><\/div>\n<\/div>\n<div class=\"o9v6fnle cxmmr5t8 oygrvhab hcukyx3x c1et5uql ii04i59q\">\n<div dir=\"auto\">El acto se celebr\u00f3 en la Casa de la Cultura y fue encabezado por el intendente Diego Nanni y el rector de la UNSADA, Dr. Jer\u00f3nimo Ainchil. Por el municipio tambi\u00e9n participaron la secretaria de Pol\u00edticas Educativas, Vanesa Russo, la secretaria de Coordinaci\u00f3n General, Mar\u00eda Luz Bozzani, y el secretario de Gobierno, Mat\u00edas Azzalini, entre otros funcionarios.<\/div>\n<div dir=\"auto\"><\/div>\n<\/div>\n<div dir=\"auto\">\n<figure id=\"attachment_9486\" aria-describedby=\"caption-attachment-9486\" style=\"width: 300px\" class=\"wp-caption aligncenter\"><img loading=\"lazy\" decoding=\"async\" class=\"size-medium wp-image-9486\" src=\"https:\/\/revistaepocadigital.com.ar\/wp-content\/uploads\/2021\/03\/161937007_4183499128369681_3098159262560975844_o-300x199.jpg\" alt=\"\" width=\"300\" height=\"199\" srcset=\"https:\/\/revistaepocadigital.com.ar\/wp-content\/uploads\/2021\/03\/161937007_4183499128369681_3098159262560975844_o-300x199.jpg 300w, https:\/\/revistaepocadigital.com.ar\/wp-content\/uploads\/2021\/03\/161937007_4183499128369681_3098159262560975844_o-768x511.jpg 768w, https:\/\/revistaepocadigital.com.ar\/wp-content\/uploads\/2021\/03\/161937007_4183499128369681_3098159262560975844_o-696x463.jpg 696w, https:\/\/revistaepocadigital.com.ar\/wp-content\/uploads\/2021\/03\/161937007_4183499128369681_3098159262560975844_o-1068x710.jpg 1068w, https:\/\/revistaepocadigital.com.ar\/wp-content\/uploads\/2021\/03\/161937007_4183499128369681_3098159262560975844_o-632x420.jpg 632w, https:\/\/revistaepocadigital.com.ar\/wp-content\/uploads\/2021\/03\/161937007_4183499128369681_3098159262560975844_o.jpg 1185w\" sizes=\"auto, (max-width: 300px) 100vw, 300px\" \/><figcaption id=\"caption-attachment-9486\" class=\"wp-caption-text\">La firma del acuerdo.<\/figcaption><\/figure>\n<\/div>\n<div class=\"o9v6fnle cxmmr5t8 oygrvhab hcukyx3x c1et5uql ii04i59q\">\n<div dir=\"auto\">\u201cHoy es un d\u00eda muy importante, con la doble alegr\u00eda de retomar la gesti\u00f3n educativa, que tuvo un hito muy importante en febrero del 2020 con un convenio firmado con la Uni\u00f3n de Docentes de Buenos Aires, y que sumaba distintas carreras al distrito. Los estudios universitarios hacen falta, estamos alejados de los polos educativos y muchas veces no hay forma de solventar una carrera\u201d, se\u00f1al\u00f3 Nanni. Y agreg\u00f3: \u201cTenemos que seguir trabajando en materia de transporte, pero no nos detuvimos y fuimos m\u00e1s ambiciosos y decidimos traer una universidad a nuestro pueblo. Hoy sentimos que retomamos la agenda y materializamos un deseo\u201d. Despu\u00e9s elogi\u00f3 los trabajos que en este sentido concretaron sus antecesores: \u201csoy muy agradecido de las gestiones pasadas y Adri\u00e1n puso los cimientos de esto que estamos haciendo hoy\u201d.<\/div>\n<\/div>\n<div class=\"o9v6fnle cxmmr5t8 oygrvhab hcukyx3x c1et5uql ii04i59q\">\n<div dir=\"auto\"><\/div>\n<div dir=\"auto\">\u00a0Ainchil por su parte, destac\u00f3 que \u201cponer en marcha una nueva carrera como Acompa\u00f1amiento Terap\u00e9utico, pone en valor la salud en el distrito\u201d. El rector de la UNSADA subray\u00f3 que se trata de \u201cun aporte destacado para la educaci\u00f3n y la regi\u00f3n\u201d y que la nueva carrera \u201ces parte de de nuevas propuestas que van creciendo en Exaltaci\u00f3n de la Cruz\u201d. Al finalizar afirm\u00f3 \u201cla universidad es un proyecto colectivo y la invitaci\u00f3n es construirla juntos\u201d.<\/div>\n<div dir=\"auto\"><\/div>\n<div dir=\"auto\">Nanni en un gesto que represent\u00f3 un aval pol\u00edtico a su gesti\u00f3n, agradeci\u00f3 \u201cel trabajo y la pasi\u00f3n por la educaci\u00f3n de Vanesa Russo\u201d y adelant\u00f3 que \u201cvamos a ir por m\u00e1s, con el edificio que comenzamos a reconstruir, con la decisi\u00f3n y voluntad pol\u00edtica de hacer un centro universitario, y con m\u00e1s transporte para que puedan llegar estudiantes. Esto es solo el inicio de una gesti\u00f3n que est\u00e1 por salir de la pandemia\u201d.<\/div>\n<\/div>\n<\/div>\n<\/div>\n<\/div>\n<\/div>\n<p>&nbsp;<\/p>\n<p>Fotos: prensa municipalidad.<\/p>\n<p>&nbsp;<\/p>\n","protected":false},"excerpt":{"rendered":"<p>FUE SUSCRIPTO (18\/3).<\/p>\n","protected":false},"author":4,"featured_media":9485,"comment_status":"open","ping_status":"open","sticky":false,"template":"","format":"standard","meta":{"footnotes":"","jetpack_publicize_message":"","jetpack_publicize_feature_enabled":true,"jetpack_social_post_already_shared":false,"jetpack_social_options":{"image_generator_settings":{"template":"highway","default_image_id":0,"font":"","enabled":false},"version":2}},"categories":[17],"tags":[1263,1264],"class_list":["post-9484","post","type-post","status-publish","format-standard","has-post-thumbnail","hentry","category-politica","tag-acuerdo","tag-universidad-s-a-areco"],"jetpack_publicize_connections":[],"jetpack_featured_media_url":"https:\/\/revistaepocadigital.com.ar\/wp-content\/uploads\/2021\/03\/nanni-russo-educacion.jpg","jetpack_likes_enabled":true,"_links":{"self":[{"href":"https:\/\/revistaepocadigital.com.ar\/index.php?rest_route=\/wp\/v2\/posts\/9484","targetHints":{"allow":["GET"]}}],"collection":[{"href":"https:\/\/revistaepocadigital.com.ar\/index.php?rest_route=\/wp\/v2\/posts"}],"about":[{"href":"https:\/\/revistaepocadigital.com.ar\/index.php?rest_route=\/wp\/v2\/types\/post"}],"author":[{"embeddable":true,"href":"https:\/\/revistaepocadigital.com.ar\/index.php?rest_route=\/wp\/v2\/users\/4"}],"replies":[{"embeddable":true,"href":"https:\/\/revistaepocadigital.com.ar\/index.php?rest_route=%2Fwp%2Fv2%2Fcomments&post=9484"}],"version-history":[{"count":0,"href":"https:\/\/revistaepocadigital.com.ar\/index.php?rest_route=\/wp\/v2\/posts\/9484\/revisions"}],"wp:featuredmedia":[{"embeddable":true,"href":"https:\/\/revistaepocadigital.com.ar\/index.php?rest_route=\/wp\/v2\/media\/9485"}],"wp:attachment":[{"href":"https:\/\/revistaepocadigital.com.ar\/index.php?rest_route=%2Fwp%2Fv2%2Fmedia&parent=9484"}],"wp:term":[{"taxonomy":"category","embeddable":true,"href":"https:\/\/revistaepocadigital.com.ar\/index.php?rest_route=%2Fwp%2Fv2%2Fcategories&post=9484"},{"taxonomy":"post_tag","embeddable":true,"href":"https:\/\/revistaepocadigital.com.ar\/index.php?rest_route=%2Fwp%2Fv2%2Ftags&post=9484"}],"curies":[{"name":"wp","href":"https:\/\/api.w.org\/{rel}","templated":true}]}}