{"id":9515,"date":"2021-03-16T19:56:39","date_gmt":"2021-03-16T22:56:39","guid":{"rendered":"https:\/\/revistaepocadigital.com.ar\/?p=9515"},"modified":"2021-03-22T23:55:27","modified_gmt":"2021-03-23T02:55:27","slug":"alberto-fernandez-asume-como-presidente-del-justicialismo-en-pilar","status":"publish","type":"post","link":"https:\/\/revistaepocadigital.com.ar\/?p=9515","title":{"rendered":"Alberto Fern\u00e1ndez asume como presidente del justicialismo en Pilar"},"content":{"rendered":"<div class=\"itemHeader\"><\/div>\n<div class=\"itemToolbar\"><\/div>\n<div class=\"itemCTRBlock\">\n<div class=\"itemRatingBlock\">\n<div class=\"itemRatingForm\">\n<div class=\"clr\"><strong>EL ACTO.<\/strong><\/div>\n<\/div>\n<\/div>\n<\/div>\n<p><!--more--><\/p>\n<div class=\"itemLinks\">\n<div class=\"itemBody\">\n<div class=\"itemImageBlock\"><\/div>\n<div class=\"itemIntroText\">\n<p>El Presidente encabezar\u00e1 el acto el lunes, en el microestadio. Anuncian que la idea es modernizar el partido. En el Municipio lo leen como un respaldo a la gesti\u00f3n Ach\u00e1val.<\/p>\n<\/div>\n<div class=\"itemFullText\">\n<p>El presidente Alberto Fern\u00e1ndez asume el lunes 22, a las 19, la presidencia del Consejo del Partido Justicialista (PJ) a nivel nacional, en un acto en el microestadio municipal de Pilar del que participan funcionarios, Axel Kicillof y el resto de los gobernadores, legisladores, intendentes, referentes sindicales y dirigentes partidarios, aunque en un n\u00famero limitado y sin la liturgia peronista por las limitaciones que impone la pandemia.<\/p>\n<p>La noticia de que el presidente eligi\u00f3 el distrito para el acto fue analizada en el Municipio como un \u201cun gesto de apoyo a la gesti\u00f3n del intendente Federico Ach\u00e1val\u201d, principalmente como un \u201crespaldo a la gesti\u00f3n sanitaria de la pandemia\u201d.<\/p>\n<p>\u201cSabe que Federico es un intendente nuevo que agarr\u00f3 un municipio con un sistema de salud desarticulado y hoy es uno de los que tiene mejores \u00edndices en materia sanitaria en la regi\u00f3n\u201d, le dijeron a El Diario fuentes municipales.<\/p>\n<p>Adem\u00e1s, Fern\u00e1ndez tiene una relaci\u00f3n personal con Pilar. Es que ya vivi\u00f3 en el distrito y en una de sus visitas como presidente, al inaugurar la estaci\u00f3n de Villa Rosa, el a\u00f1o pasado, adelant\u00f3 que piensa volver a radicarse ac\u00e1 cuando termine su mandato presidencial.<br \/>\nEl proceso de renovaci\u00f3n de autoridades del PJ nacional en un a\u00f1o electoral se completar\u00e1 el lunes 22 con el primer encuentro del flamante Consejo que conducir\u00e1 los destinos partidarios en una etapa que se inicia con el peronismo en el poder y cuya principal idea es \u201cmodernizar el partido\u201d, con una estructura que \u201csea m\u00e1s \u00e1gil\u201d, se\u00f1alaron fuentes cercanas al presidente.<\/p>\n<p>El Consejo del PJ nacional estar\u00e1 integrado por la vicepresidenta 1\u00b0, la diputada nacional Cristina \u00c1lvarez Rodr\u00edguez; vicepresidente 2\u00b0, el gobernador bonaerense Axel Kicillof; vicepresidenta 3\u00b0, la vicegobernadora de Chaco Anal\u00eda Rach Quiroga; vicepresidente 4\u00b0, gobernador de Tucum\u00e1n, Juan Manzur; vicepresidente 5\u00b0, diputada nacional Luc\u00eda Corpacci; cumpliendo con la ley de Paridad de G\u00e9nero.<\/p>\n<p>Tambi\u00e9n acompa\u00f1ar\u00e1n a Alberto Fern\u00e1ndez en el PJ los ministros: Santiago Cafiero (Gabinete); Eduardo de Pedro (Interior); Agust\u00edn Rossi (Defensa); los secretarios Julio Vitobello (General), Fernando Navarro (Relaciones Parlamentarias) y Guillermo Olivieri (Culto); y la titular de Anses, Fernanda Raverta.<\/p>\n<p>Forman parte de esta nueva conducci\u00f3n los sindicalistas H\u00e9ctor Daer (Sanidad), Pablo Moyano (Camioneros), Antonio Cal\u00f3 (UOM), V\u00edctor Santa Mar\u00eda (Suterh), Ricardo Pignanelli (Smata) y Hugo Yasky (CTA).<\/p>\n<p>&nbsp;<\/p>\n<p>Fuente: Pilar a diario<\/p>\n<p>Foto gentileza Peri\u00f3dico del Pilar<\/p>\n<\/div>\n<div class=\"itemNavigation\"><\/div>\n<\/div>\n<\/div>\n","protected":false},"excerpt":{"rendered":"<p>EL ACTO.<\/p>\n","protected":false},"author":3,"featured_media":9516,"comment_status":"open","ping_status":"open","sticky":false,"template":"","format":"standard","meta":{"footnotes":"","jetpack_publicize_message":"","jetpack_publicize_feature_enabled":true,"jetpack_social_post_already_shared":false,"jetpack_social_options":{"image_generator_settings":{"template":"highway","default_image_id":0,"font":"","enabled":false},"version":2}},"categories":[17],"tags":[1268,1267],"class_list":["post-9515","post","type-post","status-publish","format-standard","has-post-thumbnail","hentry","category-politica","tag-fernandez","tag-pj"],"jetpack_publicize_connections":[],"jetpack_featured_media_url":"https:\/\/revistaepocadigital.com.ar\/wp-content\/uploads\/2021\/03\/unnamed.jpg","jetpack_likes_enabled":true,"_links":{"self":[{"href":"https:\/\/revistaepocadigital.com.ar\/index.php?rest_route=\/wp\/v2\/posts\/9515","targetHints":{"allow":["GET"]}}],"collection":[{"href":"https:\/\/revistaepocadigital.com.ar\/index.php?rest_route=\/wp\/v2\/posts"}],"about":[{"href":"https:\/\/revistaepocadigital.com.ar\/index.php?rest_route=\/wp\/v2\/types\/post"}],"author":[{"embeddable":true,"href":"https:\/\/revistaepocadigital.com.ar\/index.php?rest_route=\/wp\/v2\/users\/3"}],"replies":[{"embeddable":true,"href":"https:\/\/revistaepocadigital.com.ar\/index.php?rest_route=%2Fwp%2Fv2%2Fcomments&post=9515"}],"version-history":[{"count":0,"href":"https:\/\/revistaepocadigital.com.ar\/index.php?rest_route=\/wp\/v2\/posts\/9515\/revisions"}],"wp:featuredmedia":[{"embeddable":true,"href":"https:\/\/revistaepocadigital.com.ar\/index.php?rest_route=\/wp\/v2\/media\/9516"}],"wp:attachment":[{"href":"https:\/\/revistaepocadigital.com.ar\/index.php?rest_route=%2Fwp%2Fv2%2Fmedia&parent=9515"}],"wp:term":[{"taxonomy":"category","embeddable":true,"href":"https:\/\/revistaepocadigital.com.ar\/index.php?rest_route=%2Fwp%2Fv2%2Fcategories&post=9515"},{"taxonomy":"post_tag","embeddable":true,"href":"https:\/\/revistaepocadigital.com.ar\/index.php?rest_route=%2Fwp%2Fv2%2Ftags&post=9515"}],"curies":[{"name":"wp","href":"https:\/\/api.w.org\/{rel}","templated":true}]}}