{"id":952,"date":"2018-12-22T19:11:28","date_gmt":"2018-12-22T22:11:28","guid":{"rendered":"https:\/\/revistaepocadigital.com.ar\/?p=952"},"modified":"2018-12-22T19:11:28","modified_gmt":"2018-12-22T22:11:28","slug":"no-habra-nueva-secretaria-para-maria-luz-bozzani","status":"publish","type":"post","link":"https:\/\/revistaepocadigital.com.ar\/?p=952","title":{"rendered":"No habr\u00e1 nueva secretar\u00eda para Mar\u00eda Luz Bozzani"},"content":{"rendered":"<p><em><strong>&#8220;LA DESIGNACI\u00d3N<\/strong>.<\/em><!--more--><\/p>\n<p><em>de la concejal <strong>Mar\u00eda Luz Bozzani,<\/strong> en un \u00e1rea del departamento ejecutivo del municipio de <strong>Exaltaci\u00f3n de la Cruz,<\/strong> se debe a que creemos que puede aportar una mayor din\u00e1mica en la gesti\u00f3n, sobretodo conectando areas y secretar\u00edas para lograr un mejor trabajo en conjunto&#8221;<\/em><\/p>\n<p><em>&#8220;Creo que por su capacidad, compromiso y experiencia va a realizar un muy buen trabajo de gesti\u00f3n en un lugar a designar, que cabe aclarar, en ning\u00fan momento hemos hablado de la creaci\u00f3n de una nueva secretar\u00eda para que se encuentre a su cargo&#8221;.<\/em><\/p>\n<p>Las expresiones del intendente <strong>Adri\u00e1n S\u00e1nchez.<\/strong> Consultado por EPOCA habl\u00f3 sobre una designaci\u00f3n que origina especulaciones acerca de la concejal, que en 2018 fue intendente interina debido a razones de salud de S\u00e1nchez.\u00a0\u00a0 Miran a 2019, \u00bfque te parece?<\/p>\n<p>Foto: gentileza nestormiranda.com.ar<\/p>\n","protected":false},"excerpt":{"rendered":"<p>&#8220;LA DESIGNACI\u00d3N.<\/p>\n","protected":false},"author":3,"featured_media":953,"comment_status":"open","ping_status":"open","sticky":false,"template":"","format":"standard","meta":{"footnotes":"","jetpack_publicize_message":"","jetpack_publicize_feature_enabled":true,"jetpack_social_post_already_shared":false,"jetpack_social_options":{"image_generator_settings":{"template":"highway","default_image_id":0,"font":"","enabled":false},"version":2}},"categories":[16,17],"tags":[97,37,65],"class_list":["post-952","post","type-post","status-publish","format-standard","has-post-thumbnail","hentry","category-municipales","category-politica","tag-adrian-sanchez","tag-destacada","tag-maria-luz-bozzani"],"jetpack_publicize_connections":[],"jetpack_featured_media_url":"https:\/\/revistaepocadigital.com.ar\/wp-content\/uploads\/2018\/12\/lu.jpg","jetpack_likes_enabled":true,"_links":{"self":[{"href":"https:\/\/revistaepocadigital.com.ar\/index.php?rest_route=\/wp\/v2\/posts\/952","targetHints":{"allow":["GET"]}}],"collection":[{"href":"https:\/\/revistaepocadigital.com.ar\/index.php?rest_route=\/wp\/v2\/posts"}],"about":[{"href":"https:\/\/revistaepocadigital.com.ar\/index.php?rest_route=\/wp\/v2\/types\/post"}],"author":[{"embeddable":true,"href":"https:\/\/revistaepocadigital.com.ar\/index.php?rest_route=\/wp\/v2\/users\/3"}],"replies":[{"embeddable":true,"href":"https:\/\/revistaepocadigital.com.ar\/index.php?rest_route=%2Fwp%2Fv2%2Fcomments&post=952"}],"version-history":[{"count":0,"href":"https:\/\/revistaepocadigital.com.ar\/index.php?rest_route=\/wp\/v2\/posts\/952\/revisions"}],"wp:featuredmedia":[{"embeddable":true,"href":"https:\/\/revistaepocadigital.com.ar\/index.php?rest_route=\/wp\/v2\/media\/953"}],"wp:attachment":[{"href":"https:\/\/revistaepocadigital.com.ar\/index.php?rest_route=%2Fwp%2Fv2%2Fmedia&parent=952"}],"wp:term":[{"taxonomy":"category","embeddable":true,"href":"https:\/\/revistaepocadigital.com.ar\/index.php?rest_route=%2Fwp%2Fv2%2Fcategories&post=952"},{"taxonomy":"post_tag","embeddable":true,"href":"https:\/\/revistaepocadigital.com.ar\/index.php?rest_route=%2Fwp%2Fv2%2Ftags&post=952"}],"curies":[{"name":"wp","href":"https:\/\/api.w.org\/{rel}","templated":true}]}}