{"id":9607,"date":"2021-03-25T20:47:24","date_gmt":"2021-03-25T23:47:24","guid":{"rendered":"https:\/\/revistaepocadigital.com.ar\/?p=9607"},"modified":"2021-03-31T00:43:06","modified_gmt":"2021-03-31T03:43:06","slug":"el-homenaje-al-dr-alejandro-monzon","status":"publish","type":"post","link":"https:\/\/revistaepocadigital.com.ar\/?p=9607","title":{"rendered":"El homenaje al Dr. Alejandro Monz\u00f3n"},"content":{"rendered":"<div class=\"\" dir=\"auto\">\n<div id=\"jsc_c_17q\" class=\"ecm0bbzt hv4rvrfc ihqw7lf3 dati1w0a\" data-ad-comet-preview=\"message\" data-ad-preview=\"message\">\n<div class=\"j83agx80 cbu4d94t ew0dbk1b irj2b8pg\">\n<div class=\"qzhwtbm6 knvmm38d\">\n<div class=\"kvgmc6g5 cxmmr5t8 oygrvhab hcukyx3x c1et5uql ii04i59q\">\n<div dir=\"auto\"><strong>SU REPENTINA DESAPARICI\u00d3N.<!--more--><\/strong><\/div>\n<div dir=\"auto\"><\/div>\n<div dir=\"auto\">Hace poco, caus\u00f3 hondo pesar en la comunidad de Los Cardales y Exaltaci\u00f3n de la Cruz. El Dr. Alejandro Monz\u00f3n, hab\u00eda constru\u00eddo a trav\u00e9s de los a\u00f1os, un entra\u00f1able lazo de respeto y afecto entre la gente, fruto de su calidad humana y sus dotes profesionales como m\u00e9dico.<\/div>\n<div dir=\"auto\"><\/div>\n<div dir=\"auto\">Incontables vecinos ante su fallecimiento, acompa\u00f1aron a su familia y patentizaron todo lo que signific\u00f3 el Dr. Monz\u00f3n.<\/div>\n<div dir=\"auto\"><\/div>\n<div dir=\"auto\">Por eso, tuvo una acogida m\u00e1s que merecida la aprobaci\u00f3n en el Concejo Deliberante y en forma un\u00e1nime, del proyecto por el cual la Sala de Primeros Auxilios de Los Cardales ha de llevar el nombre de &#8220;Dr. Alejandro Monz\u00f3n&#8221;.<\/div>\n<\/div>\n<\/div>\n<\/div>\n<\/div>\n<\/div>\n","protected":false},"excerpt":{"rendered":"<p>SU REPENTINA DESAPARICI\u00d3N.<\/p>\n","protected":false},"author":4,"featured_media":9608,"comment_status":"open","ping_status":"open","sticky":false,"template":"","format":"standard","meta":{"footnotes":"","jetpack_publicize_message":"","jetpack_publicize_feature_enabled":true,"jetpack_social_post_already_shared":false,"jetpack_social_options":{"image_generator_settings":{"template":"highway","default_image_id":0,"font":"","enabled":false},"version":2}},"categories":[4],"tags":[1216,1278],"class_list":["post-9607","post","type-post","status-publish","format-standard","has-post-thumbnail","hentry","category-aqui-los-cardales","tag-dr-monzon","tag-sala-cardales"],"jetpack_publicize_connections":[],"jetpack_featured_media_url":"https:\/\/revistaepocadigital.com.ar\/wp-content\/uploads\/2021\/03\/monzon-dr.jpg","jetpack_likes_enabled":true,"_links":{"self":[{"href":"https:\/\/revistaepocadigital.com.ar\/index.php?rest_route=\/wp\/v2\/posts\/9607","targetHints":{"allow":["GET"]}}],"collection":[{"href":"https:\/\/revistaepocadigital.com.ar\/index.php?rest_route=\/wp\/v2\/posts"}],"about":[{"href":"https:\/\/revistaepocadigital.com.ar\/index.php?rest_route=\/wp\/v2\/types\/post"}],"author":[{"embeddable":true,"href":"https:\/\/revistaepocadigital.com.ar\/index.php?rest_route=\/wp\/v2\/users\/4"}],"replies":[{"embeddable":true,"href":"https:\/\/revistaepocadigital.com.ar\/index.php?rest_route=%2Fwp%2Fv2%2Fcomments&post=9607"}],"version-history":[{"count":0,"href":"https:\/\/revistaepocadigital.com.ar\/index.php?rest_route=\/wp\/v2\/posts\/9607\/revisions"}],"wp:featuredmedia":[{"embeddable":true,"href":"https:\/\/revistaepocadigital.com.ar\/index.php?rest_route=\/wp\/v2\/media\/9608"}],"wp:attachment":[{"href":"https:\/\/revistaepocadigital.com.ar\/index.php?rest_route=%2Fwp%2Fv2%2Fmedia&parent=9607"}],"wp:term":[{"taxonomy":"category","embeddable":true,"href":"https:\/\/revistaepocadigital.com.ar\/index.php?rest_route=%2Fwp%2Fv2%2Fcategories&post=9607"},{"taxonomy":"post_tag","embeddable":true,"href":"https:\/\/revistaepocadigital.com.ar\/index.php?rest_route=%2Fwp%2Fv2%2Ftags&post=9607"}],"curies":[{"name":"wp","href":"https:\/\/api.w.org\/{rel}","templated":true}]}}