{"id":9610,"date":"2021-03-19T21:10:45","date_gmt":"2021-03-20T00:10:45","guid":{"rendered":"https:\/\/revistaepocadigital.com.ar\/?p=9610"},"modified":"2021-03-25T21:13:00","modified_gmt":"2021-03-26T00:13:00","slug":"el-chango-familiar-se-lo-llevo-hector-daniel-galvan","status":"publish","type":"post","link":"https:\/\/revistaepocadigital.com.ar\/?p=9610","title":{"rendered":"El Chango Familiar se lo llev\u00f3 H\u00e9ctor Daniel Galv\u00e1n"},"content":{"rendered":"<div dir=\"ltr\"><strong>EL SINDICATO DE EMPLEADOS DE COMERCIO Z\u00c1RATE.<\/strong><\/div>\n<p><!--more--><\/p>\n<div dir=\"ltr\"><\/div>\n<div dir=\"ltr\">Como te informamos y estaba previsto, el 25 de marzo de llev\u00f3 a cabo un nuevo sorteo del que pudieron participar afiliados al sindicato. Esta vez el premio consistio en un chango familar. El sorteo tuvo lugar en la nueva sede del sindicato en Z\u00e1rate.<\/div>\n<div dir=\"ltr\"><\/div>\n<div dir=\"ltr\"><img loading=\"lazy\" decoding=\"async\" class=\"aligncenter size-full wp-image-9613\" src=\"https:\/\/revistaepocadigital.com.ar\/wp-content\/uploads\/2021\/03\/PHOTO-2021-03-25-16-33-28.jpg\" alt=\"\" width=\"512\" height=\"384\" srcset=\"https:\/\/revistaepocadigital.com.ar\/wp-content\/uploads\/2021\/03\/PHOTO-2021-03-25-16-33-28.jpg 512w, https:\/\/revistaepocadigital.com.ar\/wp-content\/uploads\/2021\/03\/PHOTO-2021-03-25-16-33-28-300x225.jpg 300w, https:\/\/revistaepocadigital.com.ar\/wp-content\/uploads\/2021\/03\/PHOTO-2021-03-25-16-33-28-80x60.jpg 80w, https:\/\/revistaepocadigital.com.ar\/wp-content\/uploads\/2021\/03\/PHOTO-2021-03-25-16-33-28-160x120.jpg 160w, https:\/\/revistaepocadigital.com.ar\/wp-content\/uploads\/2021\/03\/PHOTO-2021-03-25-16-33-28-265x198.jpg 265w\" sizes=\"auto, (max-width: 512px) 100vw, 512px\" \/><\/div>\n<div dir=\"ltr\"><\/div>\n<div dir=\"ltr\"><\/div>\n<div dir=\"ltr\">El ganador result\u00f3 <strong>H\u00e9ctor Daniel Galv\u00e1n,<\/strong> acreedor por lo tanto al premio anunciado.<\/div>\n<div dir=\"ltr\">\n<div dir=\"ltr\"><\/div>\n<\/div>\n","protected":false},"excerpt":{"rendered":"<p>EL SINDICATO DE EMPLEADOS DE COMERCIO Z\u00c1RATE.<\/p>\n","protected":false},"author":4,"featured_media":9612,"comment_status":"open","ping_status":"open","sticky":false,"template":"","format":"standard","meta":{"footnotes":"","jetpack_publicize_message":"","jetpack_publicize_feature_enabled":true,"jetpack_social_post_already_shared":false,"jetpack_social_options":{"image_generator_settings":{"template":"highway","default_image_id":0,"font":"","enabled":false},"version":2}},"categories":[151],"tags":[37,695,723],"class_list":["post-9610","post","type-post","status-publish","format-standard","has-post-thumbnail","hentry","category-empleados-de-comercio","tag-destacada","tag-sindicato-comercio","tag-sorteo"],"jetpack_publicize_connections":[],"jetpack_featured_media_url":"https:\/\/revistaepocadigital.com.ar\/wp-content\/uploads\/2021\/03\/PHOTO-2021-03-25-16-37-31.jpg","jetpack_likes_enabled":true,"_links":{"self":[{"href":"https:\/\/revistaepocadigital.com.ar\/index.php?rest_route=\/wp\/v2\/posts\/9610","targetHints":{"allow":["GET"]}}],"collection":[{"href":"https:\/\/revistaepocadigital.com.ar\/index.php?rest_route=\/wp\/v2\/posts"}],"about":[{"href":"https:\/\/revistaepocadigital.com.ar\/index.php?rest_route=\/wp\/v2\/types\/post"}],"author":[{"embeddable":true,"href":"https:\/\/revistaepocadigital.com.ar\/index.php?rest_route=\/wp\/v2\/users\/4"}],"replies":[{"embeddable":true,"href":"https:\/\/revistaepocadigital.com.ar\/index.php?rest_route=%2Fwp%2Fv2%2Fcomments&post=9610"}],"version-history":[{"count":0,"href":"https:\/\/revistaepocadigital.com.ar\/index.php?rest_route=\/wp\/v2\/posts\/9610\/revisions"}],"wp:featuredmedia":[{"embeddable":true,"href":"https:\/\/revistaepocadigital.com.ar\/index.php?rest_route=\/wp\/v2\/media\/9612"}],"wp:attachment":[{"href":"https:\/\/revistaepocadigital.com.ar\/index.php?rest_route=%2Fwp%2Fv2%2Fmedia&parent=9610"}],"wp:term":[{"taxonomy":"category","embeddable":true,"href":"https:\/\/revistaepocadigital.com.ar\/index.php?rest_route=%2Fwp%2Fv2%2Fcategories&post=9610"},{"taxonomy":"post_tag","embeddable":true,"href":"https:\/\/revistaepocadigital.com.ar\/index.php?rest_route=%2Fwp%2Fv2%2Ftags&post=9610"}],"curies":[{"name":"wp","href":"https:\/\/api.w.org\/{rel}","templated":true}]}}