{"id":9634,"date":"2021-03-27T00:59:29","date_gmt":"2021-03-27T03:59:29","guid":{"rendered":"https:\/\/revistaepocadigital.com.ar\/?p=9634"},"modified":"2021-03-27T01:01:39","modified_gmt":"2021-03-27T04:01:39","slug":"tremendo-asaltaron-a-mano-armada-dos-familias","status":"publish","type":"post","link":"https:\/\/revistaepocadigital.com.ar\/?p=9634","title":{"rendered":"TREMENDO, ASALTARON A MANO ARMADA A DOS FAMILIAS"},"content":{"rendered":"<div class=\"kvgmc6g5 cxmmr5t8 oygrvhab hcukyx3x c1et5uql ii04i59q\">\n<div dir=\"auto\"><strong>DESCONOCIDOS.<!--more--><\/strong><\/div>\n<div dir=\"auto\"><\/div>\n<div dir=\"auto\">Sin inmutarse ni perder la calma en momento alguno, ingresaron durante la noche del 25 de marzo al conocido Country Chacras de la Cruz, ubicado en las inmediaciones de Capilla del Se\u00f1or, y luego de amenazar con armas de fuego, asaltaron a dos familias que viven en dos casas cercanas, obligando a vivir a las familias momentos de gran angustia y terror.<\/div>\n<div dir=\"auto\"><\/div>\n<div dir=\"auto\">Los asaltantes aprovechando la oscuridad de la noche, una vez dentro del country, ingresaron al parecer sorteando el tejido perimentral, a una de las casas donde habr\u00eda habido una reuni\u00f3n familiar, y procedieron a robar pertenencias y efectos de valor. El raid delictivo continu\u00f3 en la casa contigua, perteneciente a un conocido comerciante capillense, quien se encontraba junto a su esposa y dos peque\u00f1os hijos, cuyo perro al acercarse a la casa, trascendi\u00f3 que lo hab\u00edan envenenado.<\/div>\n<div dir=\"auto\"><\/div>\n<div dir=\"auto\"><\/div>\n<\/div>\n<div dir=\"auto\"><img loading=\"lazy\" decoding=\"async\" class=\"aligncenter size-full wp-image-9637\" src=\"https:\/\/revistaepocadigital.com.ar\/wp-content\/uploads\/2021\/03\/chacras.s.jpg\" alt=\"\" width=\"500\" height=\"332\" srcset=\"https:\/\/revistaepocadigital.com.ar\/wp-content\/uploads\/2021\/03\/chacras.s.jpg 500w, https:\/\/revistaepocadigital.com.ar\/wp-content\/uploads\/2021\/03\/chacras.s-300x199.jpg 300w\" sizes=\"auto, (max-width: 500px) 100vw, 500px\" \/><\/div>\n<div dir=\"auto\"><\/div>\n<div class=\"kvgmc6g5 cxmmr5t8 oygrvhab hcukyx3x c1et5uql ii04i59q\">\n<div dir=\"auto\"><\/div>\n<div dir=\"auto\">Luego que consiguieron entrar a la propiedad, robaron efectos de valor. Antes de darse a la fuga, a los habitantes de ambas casas, los maniataron. En ambos lugares los delicuentes se dijo, pudieron sustraer efectos, personales, y dinero en efectivo. Los damnificados por tan terribles hechos, radicaron la denuncia policial, aguardando expectante el vecindario, la marcha de la investigaci\u00f3n.<\/div>\n<\/div>\n<div dir=\"auto\"><\/div>\n<div dir=\"auto\">La inseguridad golpe\u00f3 con fuerza en Capilla del Se\u00f1or. El flagelo parece no tener l\u00edmites. Jaquea a la inmensa mayor\u00eda de los argentinos, sin que el gobierno, pol\u00edticos oficiales y de la oposici\u00f3n y la justicia, se centren en resolver una legislaci\u00f3n que la sociedad clama a gritos sin ser escuchada.<\/div>\n","protected":false},"excerpt":{"rendered":"<p>DESCONOCIDOS.<\/p>\n","protected":false},"author":4,"featured_media":9636,"comment_status":"open","ping_status":"open","sticky":false,"template":"","format":"standard","meta":{"footnotes":"","jetpack_publicize_message":"","jetpack_publicize_feature_enabled":true,"jetpack_social_post_already_shared":false,"jetpack_social_options":{"image_generator_settings":{"template":"highway","default_image_id":0,"font":"","enabled":false},"version":2}},"categories":[13],"tags":[741,881],"class_list":["post-9634","post","type-post","status-publish","format-standard","has-post-thumbnail","hentry","category-interes-general","tag-inseguridad","tag-robo"],"jetpack_publicize_connections":[],"jetpack_featured_media_url":"https:\/\/revistaepocadigital.com.ar\/wp-content\/uploads\/2021\/03\/chacras.jpg","jetpack_likes_enabled":true,"_links":{"self":[{"href":"https:\/\/revistaepocadigital.com.ar\/index.php?rest_route=\/wp\/v2\/posts\/9634","targetHints":{"allow":["GET"]}}],"collection":[{"href":"https:\/\/revistaepocadigital.com.ar\/index.php?rest_route=\/wp\/v2\/posts"}],"about":[{"href":"https:\/\/revistaepocadigital.com.ar\/index.php?rest_route=\/wp\/v2\/types\/post"}],"author":[{"embeddable":true,"href":"https:\/\/revistaepocadigital.com.ar\/index.php?rest_route=\/wp\/v2\/users\/4"}],"replies":[{"embeddable":true,"href":"https:\/\/revistaepocadigital.com.ar\/index.php?rest_route=%2Fwp%2Fv2%2Fcomments&post=9634"}],"version-history":[{"count":0,"href":"https:\/\/revistaepocadigital.com.ar\/index.php?rest_route=\/wp\/v2\/posts\/9634\/revisions"}],"wp:featuredmedia":[{"embeddable":true,"href":"https:\/\/revistaepocadigital.com.ar\/index.php?rest_route=\/wp\/v2\/media\/9636"}],"wp:attachment":[{"href":"https:\/\/revistaepocadigital.com.ar\/index.php?rest_route=%2Fwp%2Fv2%2Fmedia&parent=9634"}],"wp:term":[{"taxonomy":"category","embeddable":true,"href":"https:\/\/revistaepocadigital.com.ar\/index.php?rest_route=%2Fwp%2Fv2%2Fcategories&post=9634"},{"taxonomy":"post_tag","embeddable":true,"href":"https:\/\/revistaepocadigital.com.ar\/index.php?rest_route=%2Fwp%2Fv2%2Ftags&post=9634"}],"curies":[{"name":"wp","href":"https:\/\/api.w.org\/{rel}","templated":true}]}}