{"id":9640,"date":"2021-03-27T11:28:56","date_gmt":"2021-03-27T14:28:56","guid":{"rendered":"https:\/\/revistaepocadigital.com.ar\/?p=9640"},"modified":"2021-03-27T17:30:50","modified_gmt":"2021-03-27T20:30:50","slug":"dos-reuniones-importantes-en-la-rural-con-la-policia-rural-y-con-el-intendente","status":"publish","type":"post","link":"https:\/\/revistaepocadigital.com.ar\/?p=9640","title":{"rendered":"Dos reuniones importantes en la Rural, con la polic\u00eda rural y con el intendente"},"content":{"rendered":"<p><strong style=\"font-size: 15px; color: #222222;\">UN TEMA CENTRAL.<\/strong><!--more--><\/p>\n<p>Para vecinos, para comerciantes, profesionales, empleados, desde ya para la gente del sector del campo: la seguridad\/inseguridad.<\/p>\n<p>En la Sociedad Rural de Exaltaci\u00f3n de la Cruz, Campana y Z\u00e1rate, a prop\u00f3sito, la directiva de la entidad mantuvo una reuni\u00f3n de seguridad rural interjurisdiccional (26\/3) con las m\u00e1ximas autoridades de la Polic\u00eda Rural de las provincias de Buenos Aires y Entre R\u00edos. El encuentro tuvo lugar en la sede en Capilla del Se\u00f1or<\/p>\n<p class=\"yiv4740035769MsoNormal\">El temario abordado estuvo centrado en los delitos que se registran en las dos provincias, en el control en l\u00edmites interprovinciales y el reinicio de un proyecto de colaboraci\u00f3n e interacci\u00f3n entre las fuerzas de seguridad rurales .<\/p>\n<p class=\"yiv4740035769MsoNormal\">Proximamente ser\u00e1n invitadas las fuerzas de otras provincias, para intercambiar experiencias y coordinar el trabajo en conjunto, se inform\u00f3 desde la Rural.<\/p>\n<p>&nbsp;<\/p>\n<p class=\"yiv3485932925MsoNormal\"><b><u>CAMINOS RURALES: TEMA DE LA REUNI\u00d3N CON EL INTENDENTE NANNI<\/u><\/b><\/p>\n<p class=\"yiv3485932925MsoNormal\">El 17\/3 miembros de la comisi\u00f3n directiva de la Rural, encabezados por el presidente Oscar Diez ,y el Secretario Carlos Altieri, recibieron en la Sede de la entidad en Capilla del Se\u00f1or, al Intendente de Exaltacion de la Cruz, Diego Nanni. Al jefe comunal lo acompa\u00f1aron el Secretario General de Gobierno, Matias Azzalini y Maximilano Gutierrez y Adolfo Charrato de la Secretaria de Higiene Urbana (Caminos Rurales)<\/p>\n<p><img decoding=\"async\" src=\"https:\/\/revistaepocadigital.com.ar\/wp-content\/uploads\/2021\/03\/mail-3.jpg\" \/><\/p>\n<div class=\"D_F ek_BB H_6D6F aw_2941hk ba_10I1Qt az_oOItw ay_Z1nkUQx I_kt4zd\">\n<div id=\"app\" class=\"D_F ek_BB H_6D6F cZ1RN91d_n s_1HCsWR aw_Z22yhkg I_kt4zd az_DW ba_Z2gmOa3 ay_Z1cYiMT c2hBT4u_Zm6i39 cZTwBjO_Zdogtk\" tabindex=\"-1\" data-test-id=\"mail-app\">\n<div class=\"I_ZnwrMC D_F em_N o_h W_6D6F H_6D6F\" data-test-id=\"content-area\">\n<div class=\"D_F em_N o_h s_1HCsWR\" data-test-id=\"content-below-tabs\">\n<div id=\"mail-app-component-container\" class=\"D_F em_N ej_eUh o_h\">\n<div id=\"mail-app-component\" class=\"em_N gl_C I_52qC j_ZlOSbd o_h p_R D_F s_e5X x_Z14vXdP\" data-yaft-module=\"norrin_main\" data-test-id=\"mail-app-component\">\n<div class=\"D_F ek_BB p_a Z_0 L_0 R_0 T_0 B_0 cZ1RN91d_GG I_ZnwrMC\" data-test-id=\"message-group-view\">\n<div class=\"iz_A I_52qC em_0 Z_0\" role=\"main\" data-test-id=\"message-group-view-scroller\" aria-label=\"Vista de mensajes\">\n<div data-test-id=\"focus-group\" aria-label=\"Grupo de navegaci\u00f3n del teclado. Usa las flechas para navegar o el tabulador para pasar al siguiente grupo.\">\n<p>Nanni con la directiva ruralista.<\/p>\n<p class=\"yiv3485932925MsoNormal\">El intendente junto a sus colaboradores presentaron el proyecto provincial para el mejorado y consolidado de los caminos rurales a Los Cardales (por la feria ganadera), a Diego Gaynor y a Gobernador Andonaegui, as\u00ed como el Camino Circunvalar (viejo proyecto de la Sociedad Rural local, presentado all\u00e1 por el a\u00f1o 1986). Dicho camino permitir\u00e1 que las maquinarias agricolas de gran porte y camiones, puedan evitar transitar por el centro de Capilla del Se\u00f1or.<\/p>\n<p class=\"yiv3485932925MsoNormal\">Tambien se abordo el tema de la futura Sala de Faena Municipal que se har\u00e1 en Diego Gaynor, asegurando Nanni que ya cuenta con financiacion provincial para dicha obra.<\/p>\n<p class=\"yiv3485932925MsoNormal\">Fotos: Prensa Sociedad Rural.<\/p>\n<\/div>\n<\/div>\n<\/div>\n<\/div>\n<\/div>\n<\/div>\n<\/div>\n<\/div>\n<\/div>\n","protected":false},"excerpt":{"rendered":"<p>UN TEMA CENTRAL.<\/p>\n","protected":false},"author":4,"featured_media":9645,"comment_status":"open","ping_status":"open","sticky":false,"template":"","format":"standard","meta":{"footnotes":"","jetpack_publicize_message":"","jetpack_publicize_feature_enabled":true,"jetpack_social_post_already_shared":false,"jetpack_social_options":{"image_generator_settings":{"template":"highway","default_image_id":0,"font":"","enabled":false},"version":2}},"categories":[11,17],"tags":[],"class_list":["post-9640","post","type-post","status-publish","format-standard","has-post-thumbnail","hentry","category-entidades","category-politica"],"jetpack_publicize_connections":[],"jetpack_featured_media_url":"https:\/\/revistaepocadigital.com.ar\/wp-content\/uploads\/2021\/03\/RURAL-SEGURI..jpg","jetpack_likes_enabled":true,"_links":{"self":[{"href":"https:\/\/revistaepocadigital.com.ar\/index.php?rest_route=\/wp\/v2\/posts\/9640","targetHints":{"allow":["GET"]}}],"collection":[{"href":"https:\/\/revistaepocadigital.com.ar\/index.php?rest_route=\/wp\/v2\/posts"}],"about":[{"href":"https:\/\/revistaepocadigital.com.ar\/index.php?rest_route=\/wp\/v2\/types\/post"}],"author":[{"embeddable":true,"href":"https:\/\/revistaepocadigital.com.ar\/index.php?rest_route=\/wp\/v2\/users\/4"}],"replies":[{"embeddable":true,"href":"https:\/\/revistaepocadigital.com.ar\/index.php?rest_route=%2Fwp%2Fv2%2Fcomments&post=9640"}],"version-history":[{"count":0,"href":"https:\/\/revistaepocadigital.com.ar\/index.php?rest_route=\/wp\/v2\/posts\/9640\/revisions"}],"wp:featuredmedia":[{"embeddable":true,"href":"https:\/\/revistaepocadigital.com.ar\/index.php?rest_route=\/wp\/v2\/media\/9645"}],"wp:attachment":[{"href":"https:\/\/revistaepocadigital.com.ar\/index.php?rest_route=%2Fwp%2Fv2%2Fmedia&parent=9640"}],"wp:term":[{"taxonomy":"category","embeddable":true,"href":"https:\/\/revistaepocadigital.com.ar\/index.php?rest_route=%2Fwp%2Fv2%2Fcategories&post=9640"},{"taxonomy":"post_tag","embeddable":true,"href":"https:\/\/revistaepocadigital.com.ar\/index.php?rest_route=%2Fwp%2Fv2%2Ftags&post=9640"}],"curies":[{"name":"wp","href":"https:\/\/api.w.org\/{rel}","templated":true}]}}