{"id":9657,"date":"2021-03-28T23:25:27","date_gmt":"2021-03-29T02:25:27","guid":{"rendered":"https:\/\/revistaepocadigital.com.ar\/?p=9657"},"modified":"2021-03-28T23:26:04","modified_gmt":"2021-03-29T02:26:04","slug":"justo-cuatro-moviles-policiales-nuevos-se-suman","status":"publish","type":"post","link":"https:\/\/revistaepocadigital.com.ar\/?p=9657","title":{"rendered":"JUSTO!. CUATRO M\u00d3VILES POLICIALES NUEVOS SE SUMAN"},"content":{"rendered":"<div dir=\"auto\"><strong>PREVENCI\u00d3N, INVESTIGACIONES, CONTROLES.<\/strong><\/div>\n<p><!--more--><\/p>\n<div dir=\"auto\"><\/div>\n<div dir=\"auto\">Los m\u00f3viles policiales en las calles, caminos y rutas del distrito, en circulaci\u00f3n, resultan de suma importancia en materia de seguridad y para protecci\u00f3n de los vecinos, en tal sentido vale reiterar el grave episodio de inseguridad producido en el country Chacras de la Cruz.<\/div>\n<div dir=\"auto\"><\/div>\n<div dir=\"auto\"><img loading=\"lazy\" decoding=\"async\" class=\"aligncenter size-full wp-image-9659\" src=\"https:\/\/revistaepocadigital.com.ar\/wp-content\/uploads\/2021\/03\/164915338_4211160848936842_5426742579559851645_n.jpg\" alt=\"\" width=\"900\" height=\"600\" srcset=\"https:\/\/revistaepocadigital.com.ar\/wp-content\/uploads\/2021\/03\/164915338_4211160848936842_5426742579559851645_n.jpg 900w, https:\/\/revistaepocadigital.com.ar\/wp-content\/uploads\/2021\/03\/164915338_4211160848936842_5426742579559851645_n-300x200.jpg 300w, https:\/\/revistaepocadigital.com.ar\/wp-content\/uploads\/2021\/03\/164915338_4211160848936842_5426742579559851645_n-768x512.jpg 768w, https:\/\/revistaepocadigital.com.ar\/wp-content\/uploads\/2021\/03\/164915338_4211160848936842_5426742579559851645_n-696x464.jpg 696w, https:\/\/revistaepocadigital.com.ar\/wp-content\/uploads\/2021\/03\/164915338_4211160848936842_5426742579559851645_n-630x420.jpg 630w\" sizes=\"auto, (max-width: 900px) 100vw, 900px\" \/><\/div>\n<div dir=\"auto\"><\/div>\n<div class=\"o9v6fnle cxmmr5t8 oygrvhab hcukyx3x c1et5uql ii04i59q\">\n<div dir=\"auto\">En tal sentido, las gestiones del intendente Nanni, dieron como resultado la incorporaci\u00f3n cuatro m\u00f3viles nuevos para la polic\u00eda local. Se hizo saber desde la comuna que a trav\u00e9s del programa Municipios de Pie, con el apoyo del ministro del Interior Wado de Pedro, y el secretario de Municipios de la Naci\u00f3n Avelino Zurro, el municipio invirti\u00f3 en m\u00e1s m\u00f3viles para que recorran Exaltaci\u00f3n de la Cruz. Desde el inicio de la gesti\u00f3n, inform\u00f3 la comuna, &#8220;fueron incorporados 11 patrulleros, m\u00e1s 5 veh\u00edculos de Guardia Urbana. La medida fortalece el trabajo de prevenci\u00f3n, suma tecnolog\u00eda, y potencia el rol activo del Estado&#8221;.<\/div>\n<\/div>\n<div dir=\"auto\"><\/div>\n<div class=\"o9v6fnle cxmmr5t8 oygrvhab hcukyx3x c1et5uql ii04i59q\">\n<p>Fotos: prensa municipalidad.<\/p>\n<\/div>\n","protected":false},"excerpt":{"rendered":"<p>PREVENCI\u00d3N, INVESTIGACIONES, CONTROLES.<\/p>\n","protected":false},"author":4,"featured_media":9658,"comment_status":"open","ping_status":"open","sticky":false,"template":"","format":"standard","meta":{"footnotes":"","jetpack_publicize_message":"","jetpack_publicize_feature_enabled":true,"jetpack_social_post_already_shared":false,"jetpack_social_options":{"image_generator_settings":{"template":"highway","default_image_id":0,"font":"","enabled":false},"version":2}},"categories":[17],"tags":[263,149],"class_list":["post-9657","post","type-post","status-publish","format-standard","has-post-thumbnail","hentry","category-politica","tag-moviles-policiales","tag-seguridad"],"jetpack_publicize_connections":[],"jetpack_featured_media_url":"https:\/\/revistaepocadigital.com.ar\/wp-content\/uploads\/2021\/03\/165567112_4211160845603509_5063596274002144015_o.jpg","jetpack_likes_enabled":true,"_links":{"self":[{"href":"https:\/\/revistaepocadigital.com.ar\/index.php?rest_route=\/wp\/v2\/posts\/9657","targetHints":{"allow":["GET"]}}],"collection":[{"href":"https:\/\/revistaepocadigital.com.ar\/index.php?rest_route=\/wp\/v2\/posts"}],"about":[{"href":"https:\/\/revistaepocadigital.com.ar\/index.php?rest_route=\/wp\/v2\/types\/post"}],"author":[{"embeddable":true,"href":"https:\/\/revistaepocadigital.com.ar\/index.php?rest_route=\/wp\/v2\/users\/4"}],"replies":[{"embeddable":true,"href":"https:\/\/revistaepocadigital.com.ar\/index.php?rest_route=%2Fwp%2Fv2%2Fcomments&post=9657"}],"version-history":[{"count":0,"href":"https:\/\/revistaepocadigital.com.ar\/index.php?rest_route=\/wp\/v2\/posts\/9657\/revisions"}],"wp:featuredmedia":[{"embeddable":true,"href":"https:\/\/revistaepocadigital.com.ar\/index.php?rest_route=\/wp\/v2\/media\/9658"}],"wp:attachment":[{"href":"https:\/\/revistaepocadigital.com.ar\/index.php?rest_route=%2Fwp%2Fv2%2Fmedia&parent=9657"}],"wp:term":[{"taxonomy":"category","embeddable":true,"href":"https:\/\/revistaepocadigital.com.ar\/index.php?rest_route=%2Fwp%2Fv2%2Fcategories&post=9657"},{"taxonomy":"post_tag","embeddable":true,"href":"https:\/\/revistaepocadigital.com.ar\/index.php?rest_route=%2Fwp%2Fv2%2Ftags&post=9657"}],"curies":[{"name":"wp","href":"https:\/\/api.w.org\/{rel}","templated":true}]}}