{"id":969,"date":"2018-12-24T20:06:40","date_gmt":"2018-12-24T23:06:40","guid":{"rendered":"https:\/\/revistaepocadigital.com.ar\/?p=969"},"modified":"2018-12-24T20:36:06","modified_gmt":"2018-12-24T23:36:06","slug":"claudio-cruzado-nunca-se-quedo-de-brazos-cruzados","status":"publish","type":"post","link":"https:\/\/revistaepocadigital.com.ar\/?p=969","title":{"rendered":"Claudio Cruzado, nunca se qued\u00f3 de brazos &#8220;cruzados&#8221;"},"content":{"rendered":"<p><strong>NO PUEDE CON SU GENIO.<\/strong><!--more--><\/p>\n<p>A <strong>Claudio Cruzado,<\/strong> los autos lo apasionan, y si son de carrera mucho mejor. El cardalense, lleva al automovilismo en la sangre, y aunque deba compartir los tiempos en su empresa <strong>Politam<\/strong> desde que surgi\u00f3 hace 27 a\u00f1os, cuya planta se encuentra sobre la ruta provincial 6, lo superan las ganas por seguir corriendo.<\/p>\n<p><em>&#8220;Hace 20 a\u00f1os que corro, debut en ALMA en el \u00b498 en la Clase Promocional, nunca hab\u00eda manejado un auto de carrera en mi vida!&#8221;,<\/em> le cuenta a EPOCA, <em>&#8220;no gan\u00e9 ninguna vez desde ya, pero me di el gran gusto&#8221;,<\/em> recuerda con una sonrisa y apunta, <em>&#8220;un d\u00eda estaba para ganar, largaba primero y esta super nervioso porque estaba por nacer mi hija Alfonsina, as\u00ed que tuvimos que salir de apuro con mi esposa al sanatorio donde finalmente naci\u00f3, fue en el a\u00f1o\u00b498!&#8221;<\/em>.<\/p>\n<figure id=\"attachment_974\" aria-describedby=\"caption-attachment-974\" style=\"width: 960px\" class=\"wp-caption alignnone\"><img loading=\"lazy\" decoding=\"async\" class=\"size-full wp-image-974\" src=\"https:\/\/revistaepocadigital.com.ar\/wp-content\/uploads\/2018\/12\/cruzado.jpg\" alt=\"\" width=\"960\" height=\"656\" srcset=\"https:\/\/revistaepocadigital.com.ar\/wp-content\/uploads\/2018\/12\/cruzado.jpg 960w, https:\/\/revistaepocadigital.com.ar\/wp-content\/uploads\/2018\/12\/cruzado-300x205.jpg 300w, https:\/\/revistaepocadigital.com.ar\/wp-content\/uploads\/2018\/12\/cruzado-768x525.jpg 768w, https:\/\/revistaepocadigital.com.ar\/wp-content\/uploads\/2018\/12\/cruzado-218x150.jpg 218w, https:\/\/revistaepocadigital.com.ar\/wp-content\/uploads\/2018\/12\/cruzado-696x476.jpg 696w, https:\/\/revistaepocadigital.com.ar\/wp-content\/uploads\/2018\/12\/cruzado-615x420.jpg 615w\" sizes=\"auto, (max-width: 960px) 100vw, 960px\" \/><figcaption id=\"caption-attachment-974\" class=\"wp-caption-text\">El cardalense empez\u00f3 a correr hace 20 a\u00f1os.<\/figcaption><\/figure>\n<p>La suma de la experiencia, de conocer el ambiente y acumular confianza, derivaron para<strong> Cruzado<\/strong> en una temporada\u00a0 1999 inmejorable, culminada con el t\u00edtulo de <strong>campe\u00f3n<\/strong>, <em>&#8220;s\u00ed, en el \u00b499 se me dio y me llev\u00e9 el campeonato; gan\u00e9 seis carreras, fue mi primer campeonato luego de un a\u00f1o que todo sali\u00f3 muy bien&#8221;.<\/em><\/p>\n<p>Al a\u00f1o siguiente, en 2000, Cruzado se decidi\u00f3 a dar un salto importante; se sum\u00f3 al <strong>TC Pista<\/strong>, categor\u00eda nacional, una de las categor\u00edas fiscalizadas por la <strong>ACTC.<\/strong><em> &#8220;Hice un campeonato aceptable considerando que era el primero, empec\u00e9 con el n\u00ba 151 y finalic\u00e9 con el 59, no se me dio de ganar pero me sirvi\u00f3 de mucho correr en TC Pista, una categor\u00eda desde ya muy dif\u00edcil, donde ya en esos momentos, exig\u00eda poner mucha plata para correr; yo casi siempre<\/em> <em>anduve entre los puestos 10\u00ba, 11\u00ba, 12\u00ba, era valioso porque en esos tiempos hab\u00eda pilotos que se quedaban sin largar la final, yo largu\u00e9 en todas; eso s\u00ed, llegaba hasta ah\u00ed con la plata y me faltaba experiencia&#8221;.<\/em><\/p>\n<figure id=\"attachment_975\" aria-describedby=\"caption-attachment-975\" style=\"width: 960px\" class=\"wp-caption alignnone\"><img loading=\"lazy\" decoding=\"async\" class=\"size-full wp-image-975\" src=\"https:\/\/revistaepocadigital.com.ar\/wp-content\/uploads\/2018\/12\/cruzado-auto.jpg\" alt=\"\" width=\"960\" height=\"575\" srcset=\"https:\/\/revistaepocadigital.com.ar\/wp-content\/uploads\/2018\/12\/cruzado-auto.jpg 960w, https:\/\/revistaepocadigital.com.ar\/wp-content\/uploads\/2018\/12\/cruzado-auto-300x180.jpg 300w, https:\/\/revistaepocadigital.com.ar\/wp-content\/uploads\/2018\/12\/cruzado-auto-768x460.jpg 768w, https:\/\/revistaepocadigital.com.ar\/wp-content\/uploads\/2018\/12\/cruzado-auto-696x417.jpg 696w, https:\/\/revistaepocadigital.com.ar\/wp-content\/uploads\/2018\/12\/cruzado-auto-701x420.jpg 701w\" sizes=\"auto, (max-width: 960px) 100vw, 960px\" \/><figcaption id=\"caption-attachment-975\" class=\"wp-caption-text\">En el Fiat Uno de la Clase 1 de Turismo Pista.<\/figcaption><\/figure>\n<p>Cruzado <strong>inquieto<\/strong> y siempre con ganas de <strong>apretar el pie derecho del acelerador<\/strong>, se volc\u00f3 en 2001 a la <strong>Copa Megane,<\/strong> categor\u00eda monomarca formada por los modelos <strong>Megane<\/strong> de Renault que supo oficiar de telonera del <strong>TC2000<\/strong> en los circuitos del pa\u00eds, <em>&#8220;corr\u00ed un auto de Eduardo Bouvier que es de Luj\u00e1n, pero despu\u00e9s el tuvo problemas econ\u00f3micos y tuve que dejar&#8221;<\/em>. No par\u00f3 ah\u00ed Cruzado, en 2003 retorn\u00f3 a <strong>ALMA<\/strong> en la <strong>Clase Libre,<\/strong> &#8220;<em>volv\u00ed con un Fitito y al a\u00f1o siguiente, sal\u00ed campe\u00f3n con la doble alegr\u00eda porque mi hijo Claudito me armaba el auto&#8221;.<\/em> Pas\u00f3 despu\u00e9s a uno de los autos que m\u00e1s lo identificaron, el <strong>Fiat 147<\/strong>, <em>&#8220;un gran auto que me permiti\u00f3 salir de nuevo campe\u00f3n y tambi\u00e9n obtener dos subcampeonatos&#8221;.<\/em><\/p>\n<p>Despu\u00e9s vino una pausa para Cruzado en el automovilismo, al que no pudo resistir y peg\u00f3 la vuelta en 2009 y con auto nuevo, un <strong>Fiat Uno<\/strong>, tan popular y uno de los modelos m\u00e1s vendidos de esos a\u00f1os. Y el &#8220;Uno&#8221; lo llev\u00f3 a <strong>conquistar<\/strong> otro &#8220;1&#8221; que identifica al campe\u00f3n, <em>&#8220;ganamos todo ese a\u00f1o, el auto era b\u00e1rbaro lo mismo que el motorista y el chasista, me llev\u00e9 varios triunfos&#8221;.<\/em><\/p>\n<p>En 2010 afront\u00f3 otro desaf\u00edo al incorporarse al <strong>Turismo Pista,<\/strong> categor\u00eda que dividida en tres clases, ya contaba como en la actualidad con un muy numeroso parque de autos,\u00a0 muy competitivos y parejos. &#8220;<em>En el Turismo Pista estuve en la pelea de los campeonatos de 2012 que perd\u00ed por apenas un punto, y el de 2013 que qued\u00e9 subcampe\u00f3n a s\u00f3lo cuatro de quien sali\u00f3 campe\u00f3n. Fueron dos muy buenas temporadas, ganamos series, d\u00ed pelea por los campeonatos<\/em> <em>cuando la categor\u00eda explotaba por la cantidad de autos que corr\u00edan&#8221;.<\/em><\/p>\n<p>En la <strong>Clase 1<\/strong> continu\u00f3 corriendo hasta el 2017 con el Fiat Uno motorizado por <strong>La Muedra,<\/strong> hasta que le toc\u00f3 atravesar al de <strong>Cardales<\/strong>, el momento m\u00e1s dif\u00edcil y duro de su trayectoria deportiva. Fue cuando se accident\u00f3 seriamente en una carrera de ALMA en <strong>Concepci\u00f3n del Uruguay, Entre R\u00edos,<\/strong> en la que participaba como invitado de uno de los pilotos titulares. &#8220;<em>Fueron momentos muy duros y dif\u00edciles, tuve la desgracia de accidentarme, fue un golpe bastante grave en el que sufr\u00ed la fractura del tobillo derecho y me desgarr\u00e9 el pie izquierdo. La recuperaci\u00f3n no fue f\u00e1cil, me llev\u00f3 cinco meses, me cost\u00f3 mucho, de todas maneras siempre pens\u00e9 en volver a subirme al auto de carrera&#8221;.<\/em><\/p>\n<p>Ese d\u00eda, el del regreso tras el accidente, se le dio a Cruzado en el Aut\u00f3dromo de <strong>Rosario<\/strong> siempre en la Clase 1 de Turismo Pista,<em> &#8220;hice el &#8220;1&#8221; en clasificaci\u00f3n y gan\u00e9 la carrera, pero despu\u00e9s en la verificaci\u00f3n t\u00e9cnica me excluyeeron por el espesor de una base, fue una pena&#8221;<\/em>, reconoce el de Cardales.<\/p>\n<p><strong>En 2019, Cruzado<\/strong> contin\u00faa en <strong>Turismo Pista<\/strong>, categor\u00eda nacional, fiscalizada por el <strong>Autom\u00f3vil Club Argentino<\/strong>, <em>&#8220;quiero pelear el t\u00edtulo<\/em> -afirma- <em>y quiero seguir haciendolo como hasta siempre, con mi equipo familiar, con un gran esp\u00edritu, donde cada uno pone lo suyo, desde mi madre, mi pareja <\/em>(Jessica, foto portada)<em>, mi hija, te reitero; es un equipo super familiar y eso es lo que m\u00e1s me gusta; quiz\u00e1 pueda servir como ejemplo para los chicos nuevos que se inician en el automovilismo, viendo la forma en que encaramos todo&#8221;.<\/em><\/p>\n<figure id=\"attachment_976\" aria-describedby=\"caption-attachment-976\" style=\"width: 720px\" class=\"wp-caption alignnone\"><img loading=\"lazy\" decoding=\"async\" class=\"size-full wp-image-976\" src=\"https:\/\/revistaepocadigital.com.ar\/wp-content\/uploads\/2018\/12\/cruzado-e-hija-alfonsina.jpg\" alt=\"\" width=\"720\" height=\"960\" srcset=\"https:\/\/revistaepocadigital.com.ar\/wp-content\/uploads\/2018\/12\/cruzado-e-hija-alfonsina.jpg 720w, https:\/\/revistaepocadigital.com.ar\/wp-content\/uploads\/2018\/12\/cruzado-e-hija-alfonsina-225x300.jpg 225w, https:\/\/revistaepocadigital.com.ar\/wp-content\/uploads\/2018\/12\/cruzado-e-hija-alfonsina-696x928.jpg 696w, https:\/\/revistaepocadigital.com.ar\/wp-content\/uploads\/2018\/12\/cruzado-e-hija-alfonsina-315x420.jpg 315w, https:\/\/revistaepocadigital.com.ar\/wp-content\/uploads\/2018\/12\/cruzado-e-hija-alfonsina-630x840.jpg 630w\" sizes=\"auto, (max-width: 720px) 100vw, 720px\" \/><figcaption id=\"caption-attachment-976\" class=\"wp-caption-text\">Cruzado y su hija Alfonsina en el Aut\u00f3dromo de Rosario.<\/figcaption><\/figure>\n<p><strong>Acumula<\/strong> Cruzado nada menos que <strong>72 victorias y 3 campeonatos,<\/strong> su casa est\u00e1 &#8220;decoradada&#8221; con numerosos trofeos y copas que lo llenan de leg\u00edtimo orgullo pero a la vez, no lo distraen, pretende continuar corriendo varios a\u00f1os m\u00e1s, <em>&#8220;tengo 60 a\u00f1os y me siento plenamente competitivo, y eso me pone muy bien; trabajo mucho en lo f\u00edsico y en lo mental; nunca es f\u00e1cil manejar un auto de carrera pero<\/em> <em>bueno, amo el automovilismo, es mi pasi\u00f3n, y soy un tipo con suerte porque quienes me rodean en la vida, me siguen, me apoyan y van conmigo a todas partes&#8221;.<\/em><\/p>\n<p>Fotos: Prensa Cruzado y Facebook<\/p>\n","protected":false},"excerpt":{"rendered":"<p>NO PUEDE CON SU GENIO.<\/p>\n","protected":false},"author":3,"featured_media":973,"comment_status":"open","ping_status":"open","sticky":false,"template":"","format":"standard","meta":{"footnotes":"","jetpack_publicize_message":"","jetpack_publicize_feature_enabled":true,"jetpack_social_post_already_shared":false,"jetpack_social_options":{"image_generator_settings":{"template":"highway","default_image_id":0,"font":"","enabled":false},"version":2}},"categories":[4],"tags":[100,37],"class_list":["post-969","post","type-post","status-publish","format-standard","has-post-thumbnail","hentry","category-aqui-los-cardales","tag-claudio-cruzado","tag-destacada"],"jetpack_publicize_connections":[],"jetpack_featured_media_url":"https:\/\/revistaepocadigital.com.ar\/wp-content\/uploads\/2018\/12\/cruzado-y-jessica-pique.jpg","jetpack_likes_enabled":true,"_links":{"self":[{"href":"https:\/\/revistaepocadigital.com.ar\/index.php?rest_route=\/wp\/v2\/posts\/969","targetHints":{"allow":["GET"]}}],"collection":[{"href":"https:\/\/revistaepocadigital.com.ar\/index.php?rest_route=\/wp\/v2\/posts"}],"about":[{"href":"https:\/\/revistaepocadigital.com.ar\/index.php?rest_route=\/wp\/v2\/types\/post"}],"author":[{"embeddable":true,"href":"https:\/\/revistaepocadigital.com.ar\/index.php?rest_route=\/wp\/v2\/users\/3"}],"replies":[{"embeddable":true,"href":"https:\/\/revistaepocadigital.com.ar\/index.php?rest_route=%2Fwp%2Fv2%2Fcomments&post=969"}],"version-history":[{"count":0,"href":"https:\/\/revistaepocadigital.com.ar\/index.php?rest_route=\/wp\/v2\/posts\/969\/revisions"}],"wp:featuredmedia":[{"embeddable":true,"href":"https:\/\/revistaepocadigital.com.ar\/index.php?rest_route=\/wp\/v2\/media\/973"}],"wp:attachment":[{"href":"https:\/\/revistaepocadigital.com.ar\/index.php?rest_route=%2Fwp%2Fv2%2Fmedia&parent=969"}],"wp:term":[{"taxonomy":"category","embeddable":true,"href":"https:\/\/revistaepocadigital.com.ar\/index.php?rest_route=%2Fwp%2Fv2%2Fcategories&post=969"},{"taxonomy":"post_tag","embeddable":true,"href":"https:\/\/revistaepocadigital.com.ar\/index.php?rest_route=%2Fwp%2Fv2%2Ftags&post=969"}],"curies":[{"name":"wp","href":"https:\/\/api.w.org\/{rel}","templated":true}]}}