{"id":9700,"date":"2021-03-31T14:30:45","date_gmt":"2021-03-31T17:30:45","guid":{"rendered":"https:\/\/revistaepocadigital.com.ar\/?p=9700"},"modified":"2021-03-31T14:54:44","modified_gmt":"2021-03-31T17:54:44","slug":"sancho-y-las-vacunas-el-pedido-de-informe-que-no-solo-no-tuvo-respuesta-sino-que-sabemos-que-no-salio-siquiera-del-concejo-deliberante","status":"publish","type":"post","link":"https:\/\/revistaepocadigital.com.ar\/?p=9700","title":{"rendered":"Sancho y las vacunas. &#8220;El pedido de informe, que no s\u00f3lo no tuvo respuesta, sabemos que no sali\u00f3 siquiera del Concejo Deliberante&#8221;"},"content":{"rendered":"<p><strong>LA PRESENTACI\u00d3N.<\/strong><!--more--><\/p>\n<div class=\"clear\">Efectuada hace poco en el Concejo Deliberante de Exaltaci\u00f3n de la Cruz, encabezado por el concejal y titular del bloque de Juntos por el Cambio (JxC), el abogado Ra\u00fal Sancho (h). JxC hab\u00eda solicitado una sesi\u00f3n extraordinaria en el HCD para abordar la cuesti\u00f3n de la vacunaci\u00f3n en el distrito y solicitar el listado de persona que han recibido la vacuna contra el Covid-19.<\/div>\n<div><\/div>\n<div>En di\u00e1logo con RADIO REALPOLITIK FM (www.realpolitik.fm), el concejal de JxC expres\u00f3: &#8220;Lo primero que hay que saber es que los municipios que no maneja estrictamente La C\u00e1mpora, se montaron dos v\u00edas de vacunaci\u00f3n que son las que se realizan por v\u00eda institucional desde la municipalidad, y los vacunatorios que fueron armando por parte de esta agrupaci\u00f3n&#8221;,<\/div>\n<div data-align=\"none\" data-maxheight=\"315\" data-maxwidth=\"560\" data-oembed=\"https:\/\/www.youtube.com\/watch?v=oDIervI4fZY\" data-oembed_provider=\"youtube\" data-resizetype=\"responsive\"><\/div>\n<div data-align=\"none\" data-maxheight=\"315\" data-maxwidth=\"560\" data-oembed=\"https:\/\/www.youtube.com\/watch?v=oDIervI4fZY\" data-oembed_provider=\"youtube\" data-resizetype=\"responsive\"><\/div>\n<div class=\"g12 arial ctext fz16 lh30 mb20 mt20 \">\n<div class=\"wysiwyg mb15 texto_nota ffalt fz16 lh25 flr g10\">\n<p>Y agreg\u00f3: &#8220;En Campana, que era un municipio de Juntos por el Cambio, por ejemplo, directamente ten\u00edas al municipio al margen de lo que era la vacunaci\u00f3n completa, que es una primera cuesti\u00f3n que se ve. Nosotros ac\u00e1 tenemos un sistema de salud bastante extendido y terminamos vacunando en una escuela cuando tenemos personal de salud realmente capacitado para hacerlo&#8221;, sostuvo.<\/p>\n<p>Asimismo, el edil de Juntos por el Cambio coment\u00f3 que &#8220;las primeras tandas de vacunas que llegaron a los municipios no corrieron con la misma organizaci\u00f3n que hoy se ve en cuanto a los turnos y adjudicaci\u00f3n que est\u00e1n teniendo y era para dar al sistema de salud&#8221;.<\/p>\n<p>&#8220;Nosotros lo que hemos hecho, despu\u00e9s que pas\u00f3 lo de\u00a0<strong>Gines<\/strong>\u00a0y el esc\u00e1ndalo que signific\u00f3, en la mayor\u00eda de los distritos fue empezar a ver c\u00f3mo se estaba y hab\u00eda manejado para que no pase eso porque terminamos en una discusi\u00f3n miserable que es pelear porque las vacunas lleguen a quienes m\u00e1s las necesiten o est\u00e9n m\u00e1s expuestos y no que se la den primero a los privilegiados que son m\u00e1s cercanos a quienes gobiernan&#8221;, indic\u00f3.<\/p>\n<p>A su vez, record\u00f3: &#8220;Cuando pas\u00f3 esa situaci\u00f3n hicimos un pedido de sesi\u00f3n extraordinaria porque era en febrero, con la promesa del presidente del Concejo Deliberante que la sesi\u00f3n se iba a hacer. La presentamos el lunes y la iban a llamar el viernes, cosa que no ocurri\u00f3, y no tuvimos respuesta finalmente&#8221;, explic\u00f3\u00a0Sancho.<\/p>\n<p>En este sentido, el concejal opositor continu\u00f3: &#8220;El tema estaba muy instalado en la sociedad porque es una preocupaci\u00f3n real y va a ser una preocupaci\u00f3n peor, m\u00e1s all\u00e1 de que les pese y est\u00e9n especulando con que la gente se olvide del tema, va a ser un tema a\u00fan mayor en la medida que se acerque la segunda ola de COVID y las vacunas no sean las suficientes&#8221;, consider\u00f3.<\/p>\n<p>&#8220;La sesi\u00f3n no se dio y pedimos la remoci\u00f3n de todas las autoridades del Concejo y como consecuencia de eso el presidente pidi\u00f3 una licencia y desapareci\u00f3. La realidad es que votamos este martes, un mes despu\u00e9s, el pedido de informe, que no s\u00f3lo no tuvo respuesta, sino que sabemos que no sali\u00f3 siquiera del Concejo Deliberante&#8221;, asegur\u00f3.<\/p>\n<p>Y culmin\u00f3: &#8220;Lejos de llevarle tranquilidad y transparencia a la gente de que las cosas se hicieron bien ac\u00e1, se termina abonando las dudas sospechas, rumores y comentarios que las vacunas ac\u00e1 tambi\u00e9n fueron primero para los privilegiados&#8221;.<\/p>\n<\/div>\n<\/div>\n<p>Fuente: nota publicada por Sergio Sol\u00f3n. RADIO REALPOLITIK FM (www.realpolitik.fm)<\/p>\n","protected":false},"excerpt":{"rendered":"<p>LA PRESENTACI\u00d3N.<\/p>\n","protected":false},"author":3,"featured_media":9704,"comment_status":"open","ping_status":"open","sticky":false,"template":"","format":"standard","meta":{"footnotes":"","jetpack_publicize_message":"","jetpack_publicize_feature_enabled":true,"jetpack_social_post_already_shared":false,"jetpack_social_options":{"image_generator_settings":{"template":"highway","default_image_id":0,"font":"","enabled":false},"version":2}},"categories":[17],"tags":[1286,894],"class_list":["post-9700","post","type-post","status-publish","format-standard","has-post-thumbnail","hentry","category-politica","tag-denuncia-juntos-por-el-cambio","tag-vacunacion"],"jetpack_publicize_connections":[],"jetpack_featured_media_url":"https:\/\/revistaepocadigital.com.ar\/wp-content\/uploads\/2021\/03\/sancho..21.jpg","jetpack_likes_enabled":true,"_links":{"self":[{"href":"https:\/\/revistaepocadigital.com.ar\/index.php?rest_route=\/wp\/v2\/posts\/9700","targetHints":{"allow":["GET"]}}],"collection":[{"href":"https:\/\/revistaepocadigital.com.ar\/index.php?rest_route=\/wp\/v2\/posts"}],"about":[{"href":"https:\/\/revistaepocadigital.com.ar\/index.php?rest_route=\/wp\/v2\/types\/post"}],"author":[{"embeddable":true,"href":"https:\/\/revistaepocadigital.com.ar\/index.php?rest_route=\/wp\/v2\/users\/3"}],"replies":[{"embeddable":true,"href":"https:\/\/revistaepocadigital.com.ar\/index.php?rest_route=%2Fwp%2Fv2%2Fcomments&post=9700"}],"version-history":[{"count":0,"href":"https:\/\/revistaepocadigital.com.ar\/index.php?rest_route=\/wp\/v2\/posts\/9700\/revisions"}],"wp:featuredmedia":[{"embeddable":true,"href":"https:\/\/revistaepocadigital.com.ar\/index.php?rest_route=\/wp\/v2\/media\/9704"}],"wp:attachment":[{"href":"https:\/\/revistaepocadigital.com.ar\/index.php?rest_route=%2Fwp%2Fv2%2Fmedia&parent=9700"}],"wp:term":[{"taxonomy":"category","embeddable":true,"href":"https:\/\/revistaepocadigital.com.ar\/index.php?rest_route=%2Fwp%2Fv2%2Fcategories&post=9700"},{"taxonomy":"post_tag","embeddable":true,"href":"https:\/\/revistaepocadigital.com.ar\/index.php?rest_route=%2Fwp%2Fv2%2Ftags&post=9700"}],"curies":[{"name":"wp","href":"https:\/\/api.w.org\/{rel}","templated":true}]}}