{"id":9737,"date":"2021-04-02T00:32:59","date_gmt":"2021-04-02T03:32:59","guid":{"rendered":"https:\/\/revistaepocadigital.com.ar\/?p=9737"},"modified":"2021-04-02T23:27:07","modified_gmt":"2021-04-03T02:27:07","slug":"honor-gloria-y-agradecimiento-a-los-compatriotas-que-pelearon-en-malvinas","status":"publish","type":"post","link":"https:\/\/revistaepocadigital.com.ar\/?p=9737","title":{"rendered":"HONOR, GLORIA Y AGRADECIMIENTO A LOS COMPATRIOTAS QUE PELEARON EN MALVINAS"},"content":{"rendered":"<div class=\"bp9cbjyn j83agx80 l9j0dhe7 nos9j3a5\" data-pagelet=\"MediaViewerPhoto\">\n<div>\n<div class=\"\">\n<div class=\"bp9cbjyn j83agx80 cbu4d94t taijpn5t l9j0dhe7\">\n<div class=\"i09qtzwb n7fi1qx3 pmk7jnqg j9ispegn kr520xx4 hzruof5a\" data-visualcompletion=\"ignore\"><strong>EL MUNDO FEBRIL, ALOCADO Y DRAM\u00c1TICO QUE NOS TOCA VIVIR<\/strong>.<\/div>\n<\/div>\n<\/div>\n<\/div>\n<\/div>\n<p><!--more--><\/p>\n<div class=\"rq0escxv l9j0dhe7 du4w35lb j83agx80 pfnyh3mw bkfpd7mw gs1a9yip owycx6da btwxx1t3 d1544ag0 tw6a2znq discj3wi b5q2rw42 lq239pai mysgfdmx hddg9phg\">\n<div class=\"rq0escxv l9j0dhe7 du4w35lb j83agx80 cbu4d94t pfnyh3mw d2edcug0 hpfvmrgz p8fzw8mz pcp91wgn iuny7tx3 ipjc6fyt\"><\/div>\n<\/div>\n<div class=\"rq0escxv l9j0dhe7 du4w35lb j83agx80 cbu4d94t pfnyh3mw d2edcug0 hpfvmrgz p8fzw8mz pcp91wgn iuny7tx3 ipjc6fyt\">Como no debi\u00f3 ocurrir nunca desde 1982, no debe obstaculizar y mucho menos olvidar la guerra por las Islas Malvinas, irredento suelo argentino.<\/div>\n<div><\/div>\n<div><img loading=\"lazy\" decoding=\"async\" class=\"aligncenter size-full wp-image-9748\" src=\"https:\/\/revistaepocadigital.com.ar\/wp-content\/uploads\/2021\/04\/168369934_4230741293645464_8002332805651688430_n.jpg\" alt=\"\" width=\"1280\" height=\"853\" srcset=\"https:\/\/revistaepocadigital.com.ar\/wp-content\/uploads\/2021\/04\/168369934_4230741293645464_8002332805651688430_n.jpg 1280w, https:\/\/revistaepocadigital.com.ar\/wp-content\/uploads\/2021\/04\/168369934_4230741293645464_8002332805651688430_n-300x200.jpg 300w, https:\/\/revistaepocadigital.com.ar\/wp-content\/uploads\/2021\/04\/168369934_4230741293645464_8002332805651688430_n-1200x800.jpg 1200w, https:\/\/revistaepocadigital.com.ar\/wp-content\/uploads\/2021\/04\/168369934_4230741293645464_8002332805651688430_n-768x512.jpg 768w, https:\/\/revistaepocadigital.com.ar\/wp-content\/uploads\/2021\/04\/168369934_4230741293645464_8002332805651688430_n-696x464.jpg 696w, https:\/\/revistaepocadigital.com.ar\/wp-content\/uploads\/2021\/04\/168369934_4230741293645464_8002332805651688430_n-1068x712.jpg 1068w, https:\/\/revistaepocadigital.com.ar\/wp-content\/uploads\/2021\/04\/168369934_4230741293645464_8002332805651688430_n-630x420.jpg 630w, https:\/\/revistaepocadigital.com.ar\/wp-content\/uploads\/2021\/04\/168369934_4230741293645464_8002332805651688430_n-1260x840.jpg 1260w\" sizes=\"auto, (max-width: 1280px) 100vw, 1280px\" \/><\/div>\n<div><\/div>\n<div>Las Malvinas jam\u00e1s dejar\u00e1n de ser argentinas, las generaciones actuales y las que vengan deben arraigar el sentimiento que encolumna al pueblo argentino.<\/div>\n<div><\/div>\n<div>Un nuevo 2 de abril, enmarcado en la pandemia terrible que le pega con ferocidad al mundo entero y desde ya a nuestro pa\u00eds, sirve para reiterar el reclamo por las Malvinas. El tema porque nos respalda el derecho y la historia, nunca debe quedar relegado y menos a\u00fan, si se trata de homenajear y rendir profundo tributo a los h\u00e9roes que dejaron sus vidas en las heladas tierras de nuestras Malvinas.<\/div>\n<div><\/div>\n<div><\/div>\n<div>\n<figure id=\"attachment_9739\" aria-describedby=\"caption-attachment-9739\" style=\"width: 640px\" class=\"wp-caption aligncenter\"><img loading=\"lazy\" decoding=\"async\" class=\"size-full wp-image-9739\" src=\"https:\/\/revistaepocadigital.com.ar\/wp-content\/uploads\/2021\/04\/malvina-21.jpg\" alt=\"\" width=\"640\" height=\"360\" srcset=\"https:\/\/revistaepocadigital.com.ar\/wp-content\/uploads\/2021\/04\/malvina-21.jpg 640w, https:\/\/revistaepocadigital.com.ar\/wp-content\/uploads\/2021\/04\/malvina-21-300x169.jpg 300w\" sizes=\"auto, (max-width: 640px) 100vw, 640px\" \/><figcaption id=\"caption-attachment-9739\" class=\"wp-caption-text\">El intendente Nanni, la secretaria de coordinaci\u00f3n Luz Bozzani y representantes de ex combatientes, encienden una llama en memoria de los h\u00e9roes de Malvinas.<\/figcaption><\/figure>\n<\/div>\n<div><\/div>\n<div>Los actos conmemorativos se notaron en el pa\u00eds, en nuestro caso, en Capilla del Se\u00f1or, junto al estupendo monumento que recuerdas a los soldados, el intendente Diego Nanni encabez\u00f3 dos actos junto a ex combatientes en cuyos corazones late con fuerza que no decae, el sue\u00f1o por Malvinas, y funcionarios.<\/div>\n<div><\/div>\n<div>El acto principal el 2 de abril, el D\u00eda del Veterano y los Ca\u00eddos en la Guerra de Malvinas, se concret\u00f3 en Capilla del Se\u00f1or, con la presencia del intendente Diego Nanni, funcionarios y veteranos de la guerra del Atl\u00e1ntico Sur. Fue en la plaza en que se erige el monumento que los recuerda, frente a la estaci\u00f3n del Ferrocarril Mitre, y se realiz\u00f3 respetando las medidas sanitarias establecidas por las autoridades.<\/div>\n<div><\/div>\n<div>\n<div>\n<div class=\"\" dir=\"auto\">\n<div id=\"jsc_c_gy\" class=\"ecm0bbzt hv4rvrfc ihqw7lf3 dati1w0a\" data-ad-comet-preview=\"message\" data-ad-preview=\"message\">\n<div class=\"j83agx80 cbu4d94t ew0dbk1b irj2b8pg\">\n<div class=\"qzhwtbm6 knvmm38d\">\n<div class=\"o9v6fnle cxmmr5t8 oygrvhab hcukyx3x c1et5uql ii04i59q\">\n<div dir=\"auto\">Cabe resaltar que desde el 2 de abril se dispuso que permanezca encendido una llama simb\u00f3lica en el lugar, en representaci\u00f3n del fuego que uni\u00f3 a las tropas en las fr\u00edas trincheras del Sur (encendida la noche anterior, ver foto). Ese mismo fuego, que daba calor a nuestros soldados, pas\u00f3 a formar parte del monumento ubicado en San Mart\u00edn y Pellegrini, de Capilla del Se\u00f1or.<\/div>\n<div dir=\"auto\"><\/div>\n<\/div>\n<div class=\"o9v6fnle cxmmr5t8 oygrvhab hcukyx3x c1et5uql ii04i59q\">\n<div dir=\"auto\">Se enton\u00f3 el Himno Nacional, fueron colocadas ofrendas florales, y se descubrieron dos placas alusivas: Una al pie del m\u00e1stil, y la segunda frente al monumento. Luego habl\u00f3 el veterano de Malvinas, Luis H\u00e9ctor Gim\u00e9nez (foto), quien pidi\u00f3 que \u201cnunca se deje de recordar esta fecha. Cuando nos llam\u00f3 la Patria, estuvimos listos para dar todo. Quienes perecieron ah\u00ed, nos representan en la Isla, que nos corresponden por siempre. Que sea la diplomacia, sin derramamiento de sangre, la recuperaci\u00f3n de las Malvinas\u201d, cerr\u00f3 Gim\u00e9nez.<\/div>\n<div dir=\"auto\"><\/div>\n<\/div>\n<div class=\"o9v6fnle cxmmr5t8 oygrvhab hcukyx3x c1et5uql ii04i59q\">\n<div dir=\"auto\">Nanni quien comparti\u00f3 un desayuno con los ex combatientes, remarc\u00f3: \u201cMe ense\u00f1aron en ese encuentro sobre la historia real de lo que se vivi\u00f3 en la isla: Ellos son herederos de la historia, y hay que escucharlos\u201d. \u201cMe averg\u00fcenza escuchar a un ex combatiente teniendo que pedir que se lo recuerde: Ellos dieron la vida por la Patria, y tienen que estar siempre presentes\u201d, dijo.<\/div>\n<div dir=\"auto\"><\/div>\n<\/div>\n<div class=\"o9v6fnle cxmmr5t8 oygrvhab hcukyx3x c1et5uql ii04i59q\">\n<div dir=\"auto\">El jefe comunal anunci\u00f3 la creaci\u00f3n de un espacio conmemorativo, posiblemente ubicado en cercan\u00edas de la Estaci\u00f3n Mitre y de la estatua principal, donde se atesorar\u00e1n recortes, fotos y elementos relacionados con la Guerra de Malvinas. La segunda placa descubierta recuerda a nuestros h\u00e9roes.<\/div>\n<div dir=\"auto\"><\/div>\n<div dir=\"auto\">Se acentu\u00f3 la emoci\u00f3n cuando habl\u00f3 Elizabeth Espinoza, hija de un veterano de guerra: \u201cCada vez que un soldado es escuchado, uno acompa\u00f1a la memoria y el sentimiento de nuestros h\u00e9roes. No deben luchar para ser reconocidos. La sociedad que no recuerda su historia est\u00e1 condenada a perder su calidad humana\u201d, dijo.<\/div>\n<div dir=\"auto\"><\/div>\n<\/div>\n<div class=\"o9v6fnle cxmmr5t8 oygrvhab hcukyx3x c1et5uql ii04i59q\">\n<div dir=\"auto\">La placa alusiva lleva los nombres de los Veteranos de la Guerra de Malvinas Juan Marcos Acosta, V\u00edctor Oscar Aguirre, Jorge Antonio Aolita, Santiago Guillermo Cabral, H\u00e9ctor Omar Ram\u00f3n Capoblanco, Alberto Ismael Espinoza, Luis H\u00e9ctor Gim\u00e9nez, Walter Daniel Moro, Carlos Walter Oser, Rub\u00e9n Oscar Quir\u00f3z y Juan Ceferino Gonz\u00e1lez (ya fallecido).<\/div>\n<div dir=\"auto\"><\/div>\n<\/div>\n<\/div>\n<\/div>\n<\/div>\n<\/div>\n<div id=\"jsc_c_gz\" class=\"l9j0dhe7\">\n<div class=\"l9j0dhe7\">\n<div class=\"l9j0dhe7\">\n<div class=\"l9j0dhe7\">\n<div class=\"ni8dbmo4 stjgntxs pmk7jnqg\">\n<div class=\"stjgntxs ni8dbmo4\">\n<div class=\"do00u71z ni8dbmo4 stjgntxs l9j0dhe7\">\n<div class=\"pmk7jnqg kr520xx4\"><\/div>\n<\/div>\n<div class=\"hzruof5a opwvks06 linmgsc8 kr520xx4 j9ispegn pmk7jnqg n7fi1qx3 rq0escxv i09qtzwb\"><\/div>\n<\/div>\n<div class=\"n00je7tq arfg74bv qs9ysxi8 k77z8yql i09qtzwb n7fi1qx3 b5wmifdl hzruof5a pmk7jnqg j9ispegn kr520xx4 c5ndavph art1omkt ot9fgl3s r9n4d945\" data-visualcompletion=\"ignore\"><\/div>\n<\/div>\n<div class=\"ni8dbmo4 stjgntxs pmk7jnqg\">\n<div class=\"stjgntxs ni8dbmo4\">\n<div class=\"do00u71z ni8dbmo4 stjgntxs l9j0dhe7\">\n<div class=\"pmk7jnqg kr520xx4\"><\/div>\n<\/div>\n<div class=\"hzruof5a opwvks06 linmgsc8 kr520xx4 j9ispegn pmk7jnqg n7fi1qx3 rq0escxv i09qtzwb\"><\/div>\n<\/div>\n<div class=\"n00je7tq arfg74bv qs9ysxi8 k77z8yql i09qtzwb n7fi1qx3 b5wmifdl hzruof5a pmk7jnqg j9ispegn kr520xx4 c5ndavph art1omkt ot9fgl3s\" data-visualcompletion=\"ignore\"><\/div>\n<\/div>\n<div class=\"ni8dbmo4 stjgntxs pmk7jnqg\">\n<div class=\"stjgntxs ni8dbmo4\">\n<div class=\"do00u71z ni8dbmo4 stjgntxs l9j0dhe7\">\n<div class=\"pmk7jnqg kr520xx4\"><img decoding=\"async\" class=\"i09qtzwb n7fi1qx3 datstx6m pmk7jnqg j9ispegn kr520xx4 k4urcfbm\" src=\"https:\/\/scontent-eze1-1.xx.fbcdn.net\/v\/t1.6435-0\/p600x600\/168720065_4230741280312132_5972937268400647480_n.jpg?_nc_cat=100&amp;ccb=1-3&amp;_nc_sid=8bfeb9&amp;_nc_ohc=lO2yrAyKCJEAX_CxLGq&amp;_nc_ht=scontent-eze1-1.xx&amp;tp=6&amp;oh=baa26cd046fae1ad886c73d890a76469&amp;oe=608BF33E\" alt=\"\" \/><\/div>\n<\/div>\n<div class=\"hzruof5a opwvks06 linmgsc8 kr520xx4 j9ispegn pmk7jnqg n7fi1qx3 rq0escxv i09qtzwb\"><\/div>\n<\/div>\n<div class=\"n00je7tq arfg74bv qs9ysxi8 k77z8yql i09qtzwb n7fi1qx3 b5wmifdl hzruof5a pmk7jnqg j9ispegn kr520xx4 c5ndavph art1omkt ot9fgl3s\" data-visualcompletion=\"ignore\"><\/div>\n<\/div>\n<div class=\"ni8dbmo4 stjgntxs pmk7jnqg\">\n<div class=\"stjgntxs ni8dbmo4\">\n<div class=\"do00u71z ni8dbmo4 stjgntxs l9j0dhe7\">\n<div class=\"pmk7jnqg kr520xx4\"><img decoding=\"async\" class=\"i09qtzwb n7fi1qx3 datstx6m pmk7jnqg j9ispegn kr520xx4 k4urcfbm\" src=\"https:\/\/scontent-eze1-1.xx.fbcdn.net\/v\/t1.6435-0\/p600x600\/168400660_4230741290312131_8062927609881037613_n.jpg?_nc_cat=107&amp;ccb=1-3&amp;_nc_sid=8bfeb9&amp;_nc_ohc=MoYawohG2a0AX8YpPBz&amp;_nc_ht=scontent-eze1-1.xx&amp;tp=6&amp;oh=b10fa8ab9634c93b74320c0990d20edb&amp;oe=608DBB18\" alt=\"\" \/><\/div>\n<\/div>\n<\/div>\n<\/div>\n<\/div>\n<\/div>\n<\/div>\n<\/div>\n<\/div>\n<\/div>\n<div><\/div>\n<div>Para tener en cuenta el punto de vista expuesto en su cuenta en la red social Facebook por parte de la artista Bettina Sabbatini, &#8220;l\u00e1stima que se olvidaron del puente de Robles, en homenaje a los que quedaron y por los que volvieron de Malvinas, y el crucero Gral Belgrano realizado por m\u00e1s de 150 mujeres argentinas ad honorem y del cual el sr. Intendente es el padrino. Ni una flor por ellos de parte del municipio&#8221;.<\/div>\n<div><\/div>\n<div>La noche anterior hab\u00eda mencionado Nanni en el acto inicial en el mismo lugar, <em>&#8220;a<\/em><span class=\"d2edcug0 hpfvmrgz qv66sw1b c1et5uql lr9zc1uh a8c37x1j keod5gw0 nxhoafnm aigsh9s9 d3f4x2em fe6kdd0r mau55g9w c8b282yb iv3no6db jq4qci2q a3bd9o3v knj5qynh oo9gr5id\" dir=\"auto\"><em>\u00a0pesar de la situaci\u00f3n sanitaria que atravesamos durante estas \u00faltimas semanas, donde la amenaza de una segunda ola de Covid-19 est\u00e1 muy presente, conmemoramos, con los protocolos correspondientes, a nuestros Veteranos y Ca\u00eddos en la Guerra de Malvinas.<\/em><\/span><\/div>\n<div>\n<p><em>Para nosotros, los m\u00e1s j\u00f3venes, y estoy seguro que para toda la comunidad exaltacrucense, ustedes son ejemplo de lucha y de entrega por nuestra Patria, y ser\u00e1n reconocidos de esta manera a lo largo de nuestra historia. <\/em><\/p>\n<p><em>Gracias por este encuentro, que tuvo lugar en la cabecera de nuestro distrito al pie de uno de los monumentos m\u00e1s importantes que tienen nuestros h\u00e9roes, en el que tambi\u00e9n encendimos una llama, s\u00edmbolo del fuego que los acompa\u00f1\u00f3 en esas noches fr\u00edas, y llama eterna que honra la memoria de nuestros soldados. Hoy y siempre, Malvinas Argentinas&#8221;.<\/em><\/p>\n<\/div>\n<div><\/div>\n<div>Fotos: prensa municipalidad.<\/div>\n","protected":false},"excerpt":{"rendered":"<p>EL MUNDO FEBRIL, ALOCADO Y DRAM\u00c1TICO QUE NOS TOCA VIVIR.<\/p>\n","protected":false},"author":4,"featured_media":9746,"comment_status":"open","ping_status":"open","sticky":false,"template":"","format":"standard","meta":{"footnotes":"","jetpack_publicize_message":"","jetpack_publicize_feature_enabled":true,"jetpack_social_post_already_shared":false,"jetpack_social_options":{"image_generator_settings":{"template":"highway","default_image_id":0,"font":"","enabled":false},"version":2}},"categories":[17],"tags":[1291,676],"class_list":["post-9737","post","type-post","status-publish","format-standard","has-post-thumbnail","hentry","category-politica","tag-2-de-ab-ril","tag-malvinas"],"jetpack_publicize_connections":[],"jetpack_featured_media_url":"https:\/\/revistaepocadigital.com.ar\/wp-content\/uploads\/2021\/04\/168503720_4230741300312130_8151368386347666245_n.jpg","jetpack_likes_enabled":true,"_links":{"self":[{"href":"https:\/\/revistaepocadigital.com.ar\/index.php?rest_route=\/wp\/v2\/posts\/9737","targetHints":{"allow":["GET"]}}],"collection":[{"href":"https:\/\/revistaepocadigital.com.ar\/index.php?rest_route=\/wp\/v2\/posts"}],"about":[{"href":"https:\/\/revistaepocadigital.com.ar\/index.php?rest_route=\/wp\/v2\/types\/post"}],"author":[{"embeddable":true,"href":"https:\/\/revistaepocadigital.com.ar\/index.php?rest_route=\/wp\/v2\/users\/4"}],"replies":[{"embeddable":true,"href":"https:\/\/revistaepocadigital.com.ar\/index.php?rest_route=%2Fwp%2Fv2%2Fcomments&post=9737"}],"version-history":[{"count":0,"href":"https:\/\/revistaepocadigital.com.ar\/index.php?rest_route=\/wp\/v2\/posts\/9737\/revisions"}],"wp:featuredmedia":[{"embeddable":true,"href":"https:\/\/revistaepocadigital.com.ar\/index.php?rest_route=\/wp\/v2\/media\/9746"}],"wp:attachment":[{"href":"https:\/\/revistaepocadigital.com.ar\/index.php?rest_route=%2Fwp%2Fv2%2Fmedia&parent=9737"}],"wp:term":[{"taxonomy":"category","embeddable":true,"href":"https:\/\/revistaepocadigital.com.ar\/index.php?rest_route=%2Fwp%2Fv2%2Fcategories&post=9737"},{"taxonomy":"post_tag","embeddable":true,"href":"https:\/\/revistaepocadigital.com.ar\/index.php?rest_route=%2Fwp%2Fv2%2Ftags&post=9737"}],"curies":[{"name":"wp","href":"https:\/\/api.w.org\/{rel}","templated":true}]}}