{"id":9778,"date":"2021-04-04T23:20:48","date_gmt":"2021-04-05T02:20:48","guid":{"rendered":"https:\/\/revistaepocadigital.com.ar\/?p=9778"},"modified":"2021-04-04T23:20:48","modified_gmt":"2021-04-05T02:20:48","slug":"como-va-la-vacunacion-contra-el-coronavirus-en-exaltacion-de-la-cruz","status":"publish","type":"post","link":"https:\/\/revistaepocadigital.com.ar\/?p=9778","title":{"rendered":"Como va la vacunaci\u00f3n contra el coronavirus en Exaltaci\u00f3n de la Cruz"},"content":{"rendered":"<p><strong>INFORMACI\u00d3N CANDENTE.<\/strong><!--more--><\/p>\n<p>Comenz\u00f3 a difundir la Municipalidad de Exaltaci\u00f3n de la Cruz. Est\u00e1 vinculada a la marcha de la campa\u00f1a de vacunaci\u00f3n contra el Covid, implementada en el distrito en l\u00ednea con la instrumentada a nivel nacional y provincial.<\/p>\n<p>Informaci\u00f3n para la consideraci\u00f3n de los habitantes del distrito, que siguen de cerca el proceso vacunatorio.<\/p>\n<p>&nbsp;<\/p>\n<p><img loading=\"lazy\" decoding=\"async\" class=\"aligncenter size-full wp-image-9779\" src=\"https:\/\/revistaepocadigital.com.ar\/wp-content\/uploads\/2021\/04\/169339891_4237051816347745_1375747049318781091_n.jpg\" alt=\"\" width=\"960\" height=\"960\" srcset=\"https:\/\/revistaepocadigital.com.ar\/wp-content\/uploads\/2021\/04\/169339891_4237051816347745_1375747049318781091_n.jpg 960w, https:\/\/revistaepocadigital.com.ar\/wp-content\/uploads\/2021\/04\/169339891_4237051816347745_1375747049318781091_n-300x300.jpg 300w, https:\/\/revistaepocadigital.com.ar\/wp-content\/uploads\/2021\/04\/169339891_4237051816347745_1375747049318781091_n-150x150.jpg 150w, https:\/\/revistaepocadigital.com.ar\/wp-content\/uploads\/2021\/04\/169339891_4237051816347745_1375747049318781091_n-768x768.jpg 768w, https:\/\/revistaepocadigital.com.ar\/wp-content\/uploads\/2021\/04\/169339891_4237051816347745_1375747049318781091_n-696x696.jpg 696w, https:\/\/revistaepocadigital.com.ar\/wp-content\/uploads\/2021\/04\/169339891_4237051816347745_1375747049318781091_n-420x420.jpg 420w, https:\/\/revistaepocadigital.com.ar\/wp-content\/uploads\/2021\/04\/169339891_4237051816347745_1375747049318781091_n-840x840.jpg 840w\" sizes=\"auto, (max-width: 960px) 100vw, 960px\" \/><\/p>\n","protected":false},"excerpt":{"rendered":"<p>INFORMACI\u00d3N CANDENTE.<\/p>\n","protected":false},"author":3,"featured_media":9779,"comment_status":"open","ping_status":"open","sticky":false,"template":"","format":"standard","meta":{"footnotes":"","jetpack_publicize_message":"","jetpack_publicize_feature_enabled":true,"jetpack_social_post_already_shared":false,"jetpack_social_options":{"image_generator_settings":{"template":"highway","default_image_id":0,"font":"","enabled":false},"version":2}},"categories":[13],"tags":[1294,894],"class_list":["post-9778","post","type-post","status-publish","format-standard","has-post-thumbnail","hentry","category-interes-general","tag-ex-de-la-cruz","tag-vacunacion"],"jetpack_publicize_connections":[],"jetpack_featured_media_url":"https:\/\/revistaepocadigital.com.ar\/wp-content\/uploads\/2021\/04\/169339891_4237051816347745_1375747049318781091_n.jpg","jetpack_likes_enabled":true,"_links":{"self":[{"href":"https:\/\/revistaepocadigital.com.ar\/index.php?rest_route=\/wp\/v2\/posts\/9778","targetHints":{"allow":["GET"]}}],"collection":[{"href":"https:\/\/revistaepocadigital.com.ar\/index.php?rest_route=\/wp\/v2\/posts"}],"about":[{"href":"https:\/\/revistaepocadigital.com.ar\/index.php?rest_route=\/wp\/v2\/types\/post"}],"author":[{"embeddable":true,"href":"https:\/\/revistaepocadigital.com.ar\/index.php?rest_route=\/wp\/v2\/users\/3"}],"replies":[{"embeddable":true,"href":"https:\/\/revistaepocadigital.com.ar\/index.php?rest_route=%2Fwp%2Fv2%2Fcomments&post=9778"}],"version-history":[{"count":0,"href":"https:\/\/revistaepocadigital.com.ar\/index.php?rest_route=\/wp\/v2\/posts\/9778\/revisions"}],"wp:featuredmedia":[{"embeddable":true,"href":"https:\/\/revistaepocadigital.com.ar\/index.php?rest_route=\/wp\/v2\/media\/9779"}],"wp:attachment":[{"href":"https:\/\/revistaepocadigital.com.ar\/index.php?rest_route=%2Fwp%2Fv2%2Fmedia&parent=9778"}],"wp:term":[{"taxonomy":"category","embeddable":true,"href":"https:\/\/revistaepocadigital.com.ar\/index.php?rest_route=%2Fwp%2Fv2%2Fcategories&post=9778"},{"taxonomy":"post_tag","embeddable":true,"href":"https:\/\/revistaepocadigital.com.ar\/index.php?rest_route=%2Fwp%2Fv2%2Ftags&post=9778"}],"curies":[{"name":"wp","href":"https:\/\/api.w.org\/{rel}","templated":true}]}}