{"id":9787,"date":"2021-04-05T20:55:48","date_gmt":"2021-04-05T23:55:48","guid":{"rendered":"https:\/\/revistaepocadigital.com.ar\/?p=9787"},"modified":"2021-04-05T20:55:48","modified_gmt":"2021-04-05T23:55:48","slug":"desarrollo-social-nuevas-oficinas-2","status":"publish","type":"post","link":"https:\/\/revistaepocadigital.com.ar\/?p=9787","title":{"rendered":"DESARROLLO SOCIAL, NUEVAS OFICINAS"},"content":{"rendered":"<div class=\"kvgmc6g5 cxmmr5t8 oygrvhab hcukyx3x c1et5uql ii04i59q\">\n<div dir=\"auto\"><strong>DESTINADAS A ESA \u00c1REA MUNICIPAL.<!--more--><\/strong><\/div>\n<div dir=\"auto\"><\/div>\n<div dir=\"auto\">Avanzan los trabajos para adecuar de nuevas oficinas al Desarrollo Social del municipio en Los Cardales. Habr\u00e1 m\u00e1s servicios descentralizados y se acercar\u00e1n las gestiones a los vecinos.<\/div>\n<\/div>\n<p>&nbsp;<\/p>\n<p>Desarrollo Humano y Social, Discapacidad, Centro de Prevenci\u00f3n de Adicciones e Inadi son algunas de las dependencias que atender\u00e1n en el nuevo espacio que contar\u00e1 con dos ingresos: por Mitre y Buenos Aires, y por Rivadavia y Buenos Aires.<\/p>\n","protected":false},"excerpt":{"rendered":"<p>DESTINADAS A ESA \u00c1REA MUNICIPAL.<\/p>\n","protected":false},"author":3,"featured_media":9788,"comment_status":"open","ping_status":"open","sticky":false,"template":"","format":"standard","meta":{"footnotes":"","jetpack_publicize_message":"","jetpack_publicize_feature_enabled":true,"jetpack_social_post_already_shared":false,"jetpack_social_options":{"image_generator_settings":{"template":"highway","default_image_id":0,"font":"","enabled":false},"version":2}},"categories":[4],"tags":[1298,1299],"class_list":["post-9787","post","type-post","status-publish","format-standard","has-post-thumbnail","hentry","category-aqui-los-cardales","tag-desarrrollo-social","tag-oficinas"],"jetpack_publicize_connections":[],"jetpack_featured_media_url":"https:\/\/revistaepocadigital.com.ar\/wp-content\/uploads\/2021\/04\/169956899_4239644529421807_4543933132706225258_n.jpg","jetpack_likes_enabled":true,"_links":{"self":[{"href":"https:\/\/revistaepocadigital.com.ar\/index.php?rest_route=\/wp\/v2\/posts\/9787","targetHints":{"allow":["GET"]}}],"collection":[{"href":"https:\/\/revistaepocadigital.com.ar\/index.php?rest_route=\/wp\/v2\/posts"}],"about":[{"href":"https:\/\/revistaepocadigital.com.ar\/index.php?rest_route=\/wp\/v2\/types\/post"}],"author":[{"embeddable":true,"href":"https:\/\/revistaepocadigital.com.ar\/index.php?rest_route=\/wp\/v2\/users\/3"}],"replies":[{"embeddable":true,"href":"https:\/\/revistaepocadigital.com.ar\/index.php?rest_route=%2Fwp%2Fv2%2Fcomments&post=9787"}],"version-history":[{"count":0,"href":"https:\/\/revistaepocadigital.com.ar\/index.php?rest_route=\/wp\/v2\/posts\/9787\/revisions"}],"wp:featuredmedia":[{"embeddable":true,"href":"https:\/\/revistaepocadigital.com.ar\/index.php?rest_route=\/wp\/v2\/media\/9788"}],"wp:attachment":[{"href":"https:\/\/revistaepocadigital.com.ar\/index.php?rest_route=%2Fwp%2Fv2%2Fmedia&parent=9787"}],"wp:term":[{"taxonomy":"category","embeddable":true,"href":"https:\/\/revistaepocadigital.com.ar\/index.php?rest_route=%2Fwp%2Fv2%2Fcategories&post=9787"},{"taxonomy":"post_tag","embeddable":true,"href":"https:\/\/revistaepocadigital.com.ar\/index.php?rest_route=%2Fwp%2Fv2%2Ftags&post=9787"}],"curies":[{"name":"wp","href":"https:\/\/api.w.org\/{rel}","templated":true}]}}