{"id":9798,"date":"2021-04-06T12:28:16","date_gmt":"2021-04-06T15:28:16","guid":{"rendered":"https:\/\/revistaepocadigital.com.ar\/?p=9798"},"modified":"2021-04-11T23:31:56","modified_gmt":"2021-04-12T02:31:56","slug":"en-el-sindicato-de-empleados-de-comercio-curso-importante-sobre-rcp","status":"publish","type":"post","link":"https:\/\/revistaepocadigital.com.ar\/?p=9798","title":{"rendered":"En el Sindicato de Empleados de Comercio, curso importante sobre RCP"},"content":{"rendered":"<p><strong>DE MUCHA IMPORTANCIA.EL 8 DE ABRIL.<\/strong><!--more--><\/p>\n<p>En la vida diaria, con tantos avatares y complicaciones, a las que se sum\u00f3 desde hace poco m\u00e1s de un a\u00f1o la tremenda pandemia con el saldo tan angustiante conocido, estar preparados, tener conocimientos sobre t\u00e9cnicas de RCP y para prevenir el Covid, resultan de suma importancia.<\/p>\n<p>La iniciativa del Sindicato de Empleados de Comercio Z\u00e1rate (SEC) es para tener muy en cuenta.<\/p>\n<div dir=\"ltr\">Han informado desde el Sindicato: &#8220;Vamos a hacer un curso de RCP presencial en el SEC de ZARATE, y hay disponibles los \u00faltimos lugares para asistir&#8221;.<\/div>\n<div dir=\"ltr\"><\/div>\n<div dir=\"ltr\"><\/div>\n<div dir=\"ltr\">\ud83c\udf00Curso RCP presencial\u00a0 para afiliados y grupo familiar dirigido por el Voluntariado UNAG (aprender a ayudar).<\/div>\n<div dir=\"ltr\">\ud83c\udf00Inscripci\u00f3n: por WhatsApp<\/div>\n<div dir=\"ltr\">+54 9 3487 50 9189 \u3030\ufe0f<\/div>\n<div dir=\"ltr\">Nombre Apellido y N\u00famero de Afiliado<\/div>\n<p>&nbsp;<\/p>\n<p><img loading=\"lazy\" decoding=\"async\" class=\"aligncenter size-full wp-image-9799\" src=\"https:\/\/revistaepocadigital.com.ar\/wp-content\/uploads\/2021\/04\/sind-rcp.jpg\" alt=\"\" width=\"714\" height=\"1024\" srcset=\"https:\/\/revistaepocadigital.com.ar\/wp-content\/uploads\/2021\/04\/sind-rcp.jpg 714w, https:\/\/revistaepocadigital.com.ar\/wp-content\/uploads\/2021\/04\/sind-rcp-209x300.jpg 209w, https:\/\/revistaepocadigital.com.ar\/wp-content\/uploads\/2021\/04\/sind-rcp-696x998.jpg 696w, https:\/\/revistaepocadigital.com.ar\/wp-content\/uploads\/2021\/04\/sind-rcp-293x420.jpg 293w, https:\/\/revistaepocadigital.com.ar\/wp-content\/uploads\/2021\/04\/sind-rcp-586x840.jpg 586w\" sizes=\"auto, (max-width: 714px) 100vw, 714px\" \/><\/p>\n","protected":false},"excerpt":{"rendered":"<p>DE MUCHA IMPORTANCIA.EL 8 DE ABRIL.<\/p>\n","protected":false},"author":4,"featured_media":9799,"comment_status":"open","ping_status":"open","sticky":false,"template":"","format":"standard","meta":{"footnotes":"","jetpack_publicize_message":"","jetpack_publicize_feature_enabled":true,"jetpack_social_post_already_shared":false,"jetpack_social_options":{"image_generator_settings":{"template":"highway","default_image_id":0,"font":"","enabled":false},"version":2}},"categories":[151,11],"tags":[1301,1050],"class_list":["post-9798","post","type-post","status-publish","format-standard","has-post-thumbnail","hentry","category-empleados-de-comercio","category-entidades","tag-rcp","tag-sindicato"],"jetpack_publicize_connections":[],"jetpack_featured_media_url":"https:\/\/revistaepocadigital.com.ar\/wp-content\/uploads\/2021\/04\/sind-rcp.jpg","jetpack_likes_enabled":true,"_links":{"self":[{"href":"https:\/\/revistaepocadigital.com.ar\/index.php?rest_route=\/wp\/v2\/posts\/9798","targetHints":{"allow":["GET"]}}],"collection":[{"href":"https:\/\/revistaepocadigital.com.ar\/index.php?rest_route=\/wp\/v2\/posts"}],"about":[{"href":"https:\/\/revistaepocadigital.com.ar\/index.php?rest_route=\/wp\/v2\/types\/post"}],"author":[{"embeddable":true,"href":"https:\/\/revistaepocadigital.com.ar\/index.php?rest_route=\/wp\/v2\/users\/4"}],"replies":[{"embeddable":true,"href":"https:\/\/revistaepocadigital.com.ar\/index.php?rest_route=%2Fwp%2Fv2%2Fcomments&post=9798"}],"version-history":[{"count":0,"href":"https:\/\/revistaepocadigital.com.ar\/index.php?rest_route=\/wp\/v2\/posts\/9798\/revisions"}],"wp:featuredmedia":[{"embeddable":true,"href":"https:\/\/revistaepocadigital.com.ar\/index.php?rest_route=\/wp\/v2\/media\/9799"}],"wp:attachment":[{"href":"https:\/\/revistaepocadigital.com.ar\/index.php?rest_route=%2Fwp%2Fv2%2Fmedia&parent=9798"}],"wp:term":[{"taxonomy":"category","embeddable":true,"href":"https:\/\/revistaepocadigital.com.ar\/index.php?rest_route=%2Fwp%2Fv2%2Fcategories&post=9798"},{"taxonomy":"post_tag","embeddable":true,"href":"https:\/\/revistaepocadigital.com.ar\/index.php?rest_route=%2Fwp%2Fv2%2Ftags&post=9798"}],"curies":[{"name":"wp","href":"https:\/\/api.w.org\/{rel}","templated":true}]}}