{"id":9805,"date":"2021-04-07T01:10:01","date_gmt":"2021-04-07T04:10:01","guid":{"rendered":"https:\/\/revistaepocadigital.com.ar\/?p=9805"},"modified":"2021-04-07T01:10:01","modified_gmt":"2021-04-07T04:10:01","slug":"pavon-133-anos","status":"publish","type":"post","link":"https:\/\/revistaepocadigital.com.ar\/?p=9805","title":{"rendered":"Pav\u00f3n, 133 a\u00f1os!"},"content":{"rendered":"<p><strong>PAVON, LOCALIDAD DEL DISTRITO.<\/strong><!--more--><\/p>\n<p>Arraigada, con cada vez m\u00e1s vecinos y actividades como se ha notado en los \u00faltimos a\u00f1os; Pav\u00f3n es una de las localidades de Exaltaci\u00f3n donde el movimiento y el desarrollo comunitario es creciente.<\/p>\n<p>El 6\/4, tuvo lugar el acto oficial conmemorativo de la localidad, respetando los protocolos vigentes por la pandemia, se concret\u00f3 el acto por el 133 aniversario, encabezado por el intendente Diego Nanni junto a reducido grupo de funcionarios.<\/p>\n<p>En su discurso, Nanni ponder\u00f3 el crecimiento de la localidad, e hizo un repaso de las obras ejecutadas, aun en tiempos de pandemia. En tal sentido destac\u00f3 la llegada del agua potable a una importante zona de Pav\u00f3n, y la pronta ampliaci\u00f3n del tendido de la red.<br \/>\nDel mismo modo habl\u00f3 de la construcci\u00f3n de veredas, generando un corredor que llegar\u00e1 hasta la escuela, de tal forma de minimizar las complicaciones en los d\u00edas de lluvia.<\/p>\n<p>Tambi\u00e9n dedic\u00f3 un p\u00e1rrafo a la construcci\u00f3n y finalizaci\u00f3n de la obra del Centro Comunitario de la Sidrera, que era inaugurado en estos d\u00edas, convertido en una realidad para esa comunidad.<\/p>\n<p>Finalmente, y entre otros puntos, el intendente destac\u00f3 la obra de agua potable para el muy cercano Barrio Sakura, en donde se invertir\u00e1 un total de 110 millones de pesos en varias etapas, para llegar con la red a distintos puntos de ese barrio. \u201cDeseo que el a\u00f1o que viene nos encontremos, y para lograr eso, nos tenemos que seguir cuidando. Estoy seguro que con la solidaridad que nos caracteriza como exaltacrucenses, lo vamos a lograr\u201d, cerr\u00f3 Nanni.<\/p>\n<p>Foto: gentileza E. Marchese<\/p>\n","protected":false},"excerpt":{"rendered":"<p>PAVON, LOCALIDAD DEL DISTRITO.<\/p>\n","protected":false},"author":4,"featured_media":9806,"comment_status":"open","ping_status":"open","sticky":false,"template":"","format":"standard","meta":{"footnotes":"","jetpack_publicize_message":"","jetpack_publicize_feature_enabled":true,"jetpack_social_post_already_shared":false,"jetpack_social_options":{"image_generator_settings":{"template":"highway","default_image_id":0,"font":"","enabled":false},"version":2}},"categories":[6],"tags":[1302,742],"class_list":["post-9805","post","type-post","status-publish","format-standard","has-post-thumbnail","hentry","category-barrios","tag-133-aniversario","tag-pavon"],"jetpack_publicize_connections":[],"jetpack_featured_media_url":"https:\/\/revistaepocadigital.com.ar\/wp-content\/uploads\/2021\/04\/pavon-nanni21.jpg","jetpack_likes_enabled":true,"_links":{"self":[{"href":"https:\/\/revistaepocadigital.com.ar\/index.php?rest_route=\/wp\/v2\/posts\/9805","targetHints":{"allow":["GET"]}}],"collection":[{"href":"https:\/\/revistaepocadigital.com.ar\/index.php?rest_route=\/wp\/v2\/posts"}],"about":[{"href":"https:\/\/revistaepocadigital.com.ar\/index.php?rest_route=\/wp\/v2\/types\/post"}],"author":[{"embeddable":true,"href":"https:\/\/revistaepocadigital.com.ar\/index.php?rest_route=\/wp\/v2\/users\/4"}],"replies":[{"embeddable":true,"href":"https:\/\/revistaepocadigital.com.ar\/index.php?rest_route=%2Fwp%2Fv2%2Fcomments&post=9805"}],"version-history":[{"count":0,"href":"https:\/\/revistaepocadigital.com.ar\/index.php?rest_route=\/wp\/v2\/posts\/9805\/revisions"}],"wp:featuredmedia":[{"embeddable":true,"href":"https:\/\/revistaepocadigital.com.ar\/index.php?rest_route=\/wp\/v2\/media\/9806"}],"wp:attachment":[{"href":"https:\/\/revistaepocadigital.com.ar\/index.php?rest_route=%2Fwp%2Fv2%2Fmedia&parent=9805"}],"wp:term":[{"taxonomy":"category","embeddable":true,"href":"https:\/\/revistaepocadigital.com.ar\/index.php?rest_route=%2Fwp%2Fv2%2Fcategories&post=9805"},{"taxonomy":"post_tag","embeddable":true,"href":"https:\/\/revistaepocadigital.com.ar\/index.php?rest_route=%2Fwp%2Fv2%2Ftags&post=9805"}],"curies":[{"name":"wp","href":"https:\/\/api.w.org\/{rel}","templated":true}]}}