{"id":9812,"date":"2021-04-07T01:37:53","date_gmt":"2021-04-07T04:37:53","guid":{"rendered":"https:\/\/revistaepocadigital.com.ar\/?p=9812"},"modified":"2021-04-07T01:37:53","modified_gmt":"2021-04-07T04:37:53","slug":"ante-el-aumento-de-contagios-limites-al-transporte-en-amba","status":"publish","type":"post","link":"https:\/\/revistaepocadigital.com.ar\/?p=9812","title":{"rendered":"ANTE EL AUMENTO DE CONTAGIOS, LIMITES AL TRANSPORTE EN AMBA"},"content":{"rendered":"<div class=\"content_section | col widescreen-10 desktop-10 tablet-12 width_full\">\n<section class=\"main | page-container grid width_full margin_auto margin_vertical_10px\">\n<header>\n<div class=\"article-header \">\n<h4 class=\"article-headline\"><strong>EL GOBIERNO NACIONAL LO RESOLVI\u00d3, Y QUERIA QUE EL GOBIERNO DE LA CIUDAD DE BUENOS AIRES, ACEPTARA RESTRINGIR LA CIRCULACION NOCTURNA.<\/strong><\/h4>\n<h5 class=\"article-subheadline\">Funcionarios nacionales, bonaerenses y porte\u00f1os se reunieron en la Casa Rosada para acordar medidas para frenar la segunda ola. Larreta rechazaba restringir la movilidad a partir de las 22 horas. La nota publicada en el portal Infobae.<\/h5>\n<p>&nbsp;<\/p>\n<\/div>\n<\/header>\n<article class=\"article | col widescreen-8 desktop-8 tablet-12 width_full\">\n<div class=\"nd-body-article\">\n<p class=\"paragraph\">Ante la fuerza con la que lleg\u00f3 la segunda ola de la pandemia -con un registro r\u00e9cord de m\u00e1s de 20 mil contagios- funcionarios nacionales, bonaerenses y porte\u00f1os se reunieron en la Casa Rosada para acordar medidas destinadas a frenar la expansi\u00f3n del coronavirus en Argentina. El encuentro lo protagonizaron los jefes de Gabinete Santiago Cafiero, Felipe Miguel y Carlos Bianco, y los de Salud, Carla Vizzotti y Fern\u00e1n Quir\u00f3s (Ciudad) y all\u00ed se plante\u00f3 la necesidad de limitar el uso del transporte en el \u00e1rea metropolitana, la limitaci\u00f3n de las reuniones sociales y, el punto de conflicto, la restricci\u00f3n de la actividad nocturna, tanto en las actividades comerciales, como la circulaci\u00f3n.<\/p>\n<p class=\"paragraph\">El gobierno de la Ciudad de Buenos Aires, que conduce Horacio Rodr\u00edguez Larreta,\u00a0<mark class=\"hl_yellow\"><b>rechaz\u00f3 avalar la medida propuesta por el Gobierno para restringir la circulaci\u00f3n en el AMBA entre las 22 y las 6 de la ma\u00f1ana<\/b><\/mark>, como principal medida para enfrentar la segunda ola de coronavirus. Se resolvi\u00f3 en una reuni\u00f3n encabezada por el Jefe de Gobierno porte\u00f1o y en la que estuvieron presentes los principales funcionarios de la gesti\u00f3n porte\u00f1a.<\/p>\n<p class=\"paragraph\"><b>El gobierno porte\u00f1o no quiere que se limite la libertad de movimiento en el AMBA,<\/b>\u00a0como pretende en la Casa Rosada y el gobierno de Axel Kicillof. Por eso Rodr\u00edguez Larreta<mark class=\"hl_yellow\">\u00a0le propondr\u00e1 al Gobierno cerrar la vida comercial entre la medianoche y las 6 de la ma\u00f1ana.<\/mark>\u00a0En definitiva, defiende la postura inicial con la que lleg\u00f3 a Balcarce 50 a negociar medidas restrictivas. Presionar\u00e1n en esa l\u00ednea para buscar un punto de acuerdo en el que no vean diluida toda su postura.<\/p>\n<p class=\"paragraph\">La decisi\u00f3n de no acompa\u00f1ar la medida propuesta por la gesti\u00f3n de Alberto Fern\u00e1ndez se resolvi\u00f3 en una reuni\u00f3n en la que participaron el jefe de Gabinete,\u00a0<b>Felipe Miguel<\/b>; el ministro de Salud,\u00a0<b>Fern\u00e1n Quir\u00f3s<\/b>\u00a0y el vicejefe de Gobierno,\u00a0<b>Diego Santilli.\u00a0<\/b>En el encuentro el titular de la cartera sanitaria le explic\u00f3 a los presentes que a limitaci\u00f3n en la circulaci\u00f3n nocturna<b>\u00a0no traer\u00e1 aparejado beneficios sanitarios.<\/b>\u00a0No cambiar\u00e1, sostuvo, los porcentajes de contagios.<\/p>\n<div class=\"visual__image image_container\"><img loading=\"lazy\" decoding=\"async\" src=\"https:\/\/www.infobae.com\/new-resizer\/m12baZjFiPDtW3NNSpytVTreL28=\/420x236\/filters:format(jpg):quality(85)\/cloudfront-us-east-1.images.arcpublishing.com\/infobae\/HR43EAMGNVHMXOAKFUOU7PGTTQ.jpg\" sizes=\"auto, (min-width: 800px) 50vw, 90vw\" srcset=\"https:\/\/www.infobae.com\/new-resizer\/m12baZjFiPDtW3NNSpytVTreL28=\/420x236\/filters:format(jpg):quality(85)\/cloudfront-us-east-1.images.arcpublishing.com\/infobae\/HR43EAMGNVHMXOAKFUOU7PGTTQ.jpg 420w,https:\/\/www.infobae.com\/new-resizer\/kLug0ra7GB6OwS5Joy9Nqft08mM=\/768x432\/filters:format(jpg):quality(85)\/cloudfront-us-east-1.images.arcpublishing.com\/infobae\/HR43EAMGNVHMXOAKFUOU7PGTTQ.jpg 768w,https:\/\/www.infobae.com\/new-resizer\/H4s7lpTnbXJ-DcATUMn5zVKmgk8=\/992x558\/filters:format(jpg):quality(85)\/cloudfront-us-east-1.images.arcpublishing.com\/infobae\/HR43EAMGNVHMXOAKFUOU7PGTTQ.jpg 992w,https:\/\/www.infobae.com\/new-resizer\/p5jMzcHta5WLUa-UwsmhC_vMYbE=\/1200x675\/filters:format(jpg):quality(85)\/cloudfront-us-east-1.images.arcpublishing.com\/infobae\/HR43EAMGNVHMXOAKFUOU7PGTTQ.jpg 1200w\" alt=\"El jefe de Gobierno porte\u00f1o, Horacio Rodr\u00edguez Larreta encabez\u00f3 la reuni\u00f3n en la que se decidi\u00f3 rechaza el pedido del gobierno nacional (Cr\u00e9dito: Adrian Escandar)\" width=\"1920\" height=\"1080\" \/><em>El jefe de Gobierno porte\u00f1o, Horacio Rodr\u00edguez Larreta encabez\u00f3 la reuni\u00f3n en la que se decidi\u00f3 rechaza el pedido del gobierno nacional (Cr\u00e9dito: Adrian Escandar)<\/em><\/div>\n<\/div>\n<div><\/div>\n<div class=\"nd-body-article\">\n<p class=\"paragraph\"><b>\u201cNo sirve para nada impedir que la gente circule por la calle al aire libre. No tiene ning\u00fan criterio sanitario. Adem\u00e1s, restringe las actividades individuales\u201d<\/b>, razon\u00f3 un funcionario porte\u00f1o ante Infobae. En esa postura se intentar\u00e1n afirmar en las pr\u00f3ximas horas para resistir lo que consideran que es la aplicaci\u00f3n de un virtual \u201ctoque de queda\u201d.<\/p>\n<p class=\"paragraph\">Este martes a la tarde, en la Casa Rosada, se reunieron el jefe de Gabinete,<b>\u00a0Santiago Cafiero<\/b>; y sus pares de provincia,<b>\u00a0Carlos Bianco<\/b>, y Ciudad,\u00a0<b>Felipe Miguel.<\/b>\u00a0Tambi\u00e9n asistieron las autoridades sanitarias de cada distrito. Estuvo la ministra de Salud,<b>\u00a0Carla Vizzotti<\/b>; el titular de la cartera sanitaria porte\u00f1a,\u00a0<b>Fern\u00e1n Quir\u00f3s<\/b>; y el viceministro de Salud bonaerense,\u00a0<b>Nicol\u00e1s Kreplak. El objetivo fue definir un paquete de medidas en conjunto para afrontar la segunda ola de coronavirus.<\/b><\/p>\n<p class=\"paragraph\"><mark class=\"hl_yellow\">El Gobierno puso sobre la mesa su postura de\u00a0<b>restringir la circulaci\u00f3n nocturna entre las 22 y las 6 de la ma\u00f1ana.\u00a0<\/b><\/mark>La misma propuesta que ayer hab\u00eda acercado a la mesa de negociaci\u00f3n los funcionarios del gobierno de Buenos Aires. Los funcionarios porte\u00f1os insistieron con llevar adelante un camino paralelo. Restringir la vida comercial entre la medianoche y las 6 de la ma\u00f1ana, pero evitar cortar la circulaci\u00f3n de la gente durante esas seis horas.<\/p>\n<p class=\"paragraph\">Una vez finalizada la reuni\u00f3n en la Casa Rosada comenzaron a trabajar para definir los lineamientos de un nuevo decreto para restringir la circulaci\u00f3n.\u00a0<b>Asum\u00edan que el acuerdo con el gobierno porte\u00f1o estaba cerrado y que solo bastaba discutir el horario.\u00a0<\/b>Sin embargo, despu\u00e9s del encuentro que protagonizaron los principales ministros del gabinete porte\u00f1o, desde la Ciudad bajaron el martillo y decidieron rechazar la propuesta del Gobierno.<\/p>\n<p class=\"paragraph\">Las l\u00edneas de comunicaci\u00f3n se mantienen abiertas. Alberto Fern\u00e1ndez y Rodr\u00edguez Larreta empezaron a negociar un punto de encuentro. No hay acuerdo. No hay definiciones tomadas que cuenten con el aval de la gesti\u00f3n porte\u00f1a. Al menos, hasta la noche de este martes.<\/p>\n<p class=\"paragraph\"><mark class=\"hl_yellow\">Fern\u00e1ndez pretende contar con el aval del Jefe de Gobierno porte\u00f1o para emitir el Decreto de Necesidad y Urgencia (DNU) con las nuevas medidas restrictivas. Por eso la redacci\u00f3n del documento est\u00e1 demorada. No hay acuerdo pol\u00edtico.<\/mark><\/p>\n<p class=\"paragraph\"><b>El gobierno nacional limitar\u00e1 el uso del transporte p\u00fablico en el AMBA<\/b><\/p>\n<p class=\"paragraph\"><b>El gobierno nacional decidi\u00f3<\/b><mark class=\"hl_yellow\"><b>\u00a0limitar el uso del transporte p\u00fablico en el \u00c1rea Metropolitana de Buenos Aires (AMBA) para el personal esencial.<\/b><\/mark>\u00a0Fue despu\u00e9s de la reuni\u00f3n que tuvieron en la Casa Rosada junto a las autoridades de la provincia de Buenos Aires y la Ciudad Aut\u00f3noma de Buenos Aires.\u00a0<b>Podr\u00e1n viajar a los colegios los docentes y alumnos, ya que se mantiene la presencialidad de las clases.<\/b><\/p>\n<p class=\"paragraph\"><mark class=\"hl_yellow\">Todas las personas que forman parte del listado de trabajadores esenciales<b>\u00a0tendr\u00e1n que volver a inscribirse en la aplicaci\u00f3n\u00a0<\/b>(por el momento ser\u00eda Cuidar, la misma que se utiliz\u00f3 en el 2020)<b>\u00a0y solicitar los permisos para movilizarse<\/b>.<\/mark>\u00a0Adem\u00e1s,\u00a0<a href=\"https:\/\/www.infobae.com\/politica\/2021\/04\/06\/el-gobierno-aumentara-los-controles-en-el-transporte-publico-para-combatir-la-segunda-ola-vuelven-las-reservas-para-viajar-en-tren\/\" target=\"_blank\" rel=\"noopener\"><b>reforzar\u00e1n los controles en los trenes, subtes y colectivos<\/b><\/a>. El Gobierno analiza desplegar las fuerzas federales para complementar el trabajo de las fuerzas de seguridad.<\/p>\n<div class=\"visual__image image_container\"><img loading=\"lazy\" decoding=\"async\" src=\"https:\/\/www.infobae.com\/new-resizer\/RoVjVt3UFWdU0tjMnOnCVe2buo8=\/420x280\/filters:format(jpg):quality(85)\/cloudfront-us-east-1.images.arcpublishing.com\/infobae\/FOJWZASECRDCBACTF2SX7M7OJY.jpg\" sizes=\"auto, (min-width: 800px) 50vw, 90vw\" srcset=\"https:\/\/www.infobae.com\/new-resizer\/RoVjVt3UFWdU0tjMnOnCVe2buo8=\/420x280\/filters:format(jpg):quality(85)\/cloudfront-us-east-1.images.arcpublishing.com\/infobae\/FOJWZASECRDCBACTF2SX7M7OJY.jpg 420w,https:\/\/www.infobae.com\/new-resizer\/UqRz_4m84ZY2B3q1-WLADIdDtX4=\/768x512\/filters:format(jpg):quality(85)\/cloudfront-us-east-1.images.arcpublishing.com\/infobae\/FOJWZASECRDCBACTF2SX7M7OJY.jpg 768w,https:\/\/www.infobae.com\/new-resizer\/rSrzSbU-w8Yln6uosgprDSqk27k=\/992x661\/filters:format(jpg):quality(85)\/cloudfront-us-east-1.images.arcpublishing.com\/infobae\/FOJWZASECRDCBACTF2SX7M7OJY.jpg 992w,https:\/\/www.infobae.com\/new-resizer\/XGJ_TAWHHNTvOuOvp0D0w3FYH50=\/1200x800\/filters:format(jpg):quality(85)\/cloudfront-us-east-1.images.arcpublishing.com\/infobae\/FOJWZASECRDCBACTF2SX7M7OJY.jpg 1200w\" alt=\"El Gobierno controlar\u00e1 el transporte p\u00fablico y exigir\u00e1 que todos los trabajadores esenciales vuelvan a solicitar los permisos de circulaci\u00f3n (NA)\" width=\"1920\" height=\"1280\" \/>El Gobierno controlar\u00e1 el transporte p\u00fablico y exigir\u00e1 que todos los trabajadores esenciales vuelvan a solicitar los permisos de circulaci\u00f3n (NA)<\/div>\n<p class=\"paragraph\">Esa misma medida se replicar\u00e1 en los distritos m\u00e1s complicados, en materia sanitaria, del interior del pa\u00eds y de la provincia de Buenos Aires. Este martes se registr\u00f3 un pico hist\u00f3rico en el pa\u00eds:<a href=\"https:\/\/www.infobae.com\/sociedad\/2021\/04\/06\/coronavirus-en-argentina-confirmaron-20870-nuevos-contagios-el-numero-mas-alto-desde-que-comenzo-la-pandemia\/\" target=\"_blank\" rel=\"noopener\"><b>\u00a0se confirmaron 20.870 casos en 24 horas.\u00a0<\/b><\/a><b>Los n\u00fameros negativos marcaron el pulso vertiginoso de la jornada de hoy.<\/b><\/p>\n<p class=\"paragraph\">Fern\u00e1ndez est\u00e1 preocupado por el aumento exponencial de casos y por el comportamiento social. La falta de distancia y la ausencia de protocolos bien aplicados.<b>\u00a0Cree que hay que dar un mensaje r\u00e1pido y eficaz para que la gente tome conciencia de que lleg\u00f3 la segunda ola. Esos argumento<\/b><\/p>\n<div class=\"visual__image image_container\"><img loading=\"lazy\" decoding=\"async\" src=\"https:\/\/www.infobae.com\/new-resizer\/8rq-iNl6REbLMr_OkdipiDFfG0U=\/420x280\/filters:format(jpg):quality(85)\/cloudfront-us-east-1.images.arcpublishing.com\/infobae\/T6EVEEOAG5EJRDGIC5NH6OOTKE.jpg\" sizes=\"auto, (min-width: 800px) 50vw, 90vw\" srcset=\"https:\/\/www.infobae.com\/new-resizer\/8rq-iNl6REbLMr_OkdipiDFfG0U=\/420x280\/filters:format(jpg):quality(85)\/cloudfront-us-east-1.images.arcpublishing.com\/infobae\/T6EVEEOAG5EJRDGIC5NH6OOTKE.jpg 420w,https:\/\/www.infobae.com\/new-resizer\/Q864LGPz2cTN-L1TEsQouPy7i3M=\/768x512\/filters:format(jpg):quality(85)\/cloudfront-us-east-1.images.arcpublishing.com\/infobae\/T6EVEEOAG5EJRDGIC5NH6OOTKE.jpg 768w,https:\/\/www.infobae.com\/new-resizer\/hYOMIU_26ATl5YvOM9AHXUpZXk4=\/992x661\/filters:format(jpg):quality(85)\/cloudfront-us-east-1.images.arcpublishing.com\/infobae\/T6EVEEOAG5EJRDGIC5NH6OOTKE.jpg 992w,https:\/\/www.infobae.com\/new-resizer\/6iE0TA0ez73UdftdLSt64xFFmqo=\/1200x800\/filters:format(jpg):quality(85)\/cloudfront-us-east-1.images.arcpublishing.com\/infobae\/T6EVEEOAG5EJRDGIC5NH6OOTKE.jpg 1200w\" alt=\"Los casos de coronavirus se multiplicaron en la \u00faltima semana (Foto: EFE)\" width=\"4338\" height=\"2888\" \/>Los casos de coronavirus se multiplicaron en la \u00faltima semana (Foto: EFE)<\/div>\n<p class=\"paragraph\">El pr\u00f3ximo viernes se vence el DNU que estable el distanciamiento social en buena parte del pa\u00eds. Despu\u00e9s de cerrar las medidas del AMBA lo que contin\u00faa en la agenda es\u00a0<b>una ronda de consultas con los gobernadores<\/b>\u00a0para determinar qu\u00e9 medidas tomar en el interior. El Gobierno quer\u00eda avanzar, en primer t\u00e9rmino, por el sector donde est\u00e1n concentrados la mayor cantidad de contagios.<\/p>\n<p class=\"paragraph\">Esa comunicaci\u00f3n con los mandatarios provinciales comenz\u00f3 en la tarde de hoy y est\u00e1 a cargo de Cafiero y Eduardo \u201cWado\u201d De Pedro, ministro del Interior.<b>\u00a0Ahora el Gobierno debe definir cu\u00e1les son los pasos a seguir en el interior.<\/b><\/p>\n<\/div>\n<p class=\"paragraph\">Foto portada: Prensa Casa de gobierno y fotos nota Infobae.<\/p>\n<\/article>\n<\/section>\n<\/div>\n","protected":false},"excerpt":{"rendered":"<p>EL GOBIERNO NACIONAL LO RESOLVI\u00d3, Y QUERIA QUE EL GOBIERNO DE LA CIUDAD DE BUENOS AIRES, ACEPTARA RESTRINGIR LA CIRCULACION NOCTURNA. Funcionarios nacionales, bonaerenses y porte\u00f1os se reunieron en la Casa Rosada para acordar medidas para frenar la segunda ola. Larreta rechazaba restringir la movilidad a partir de las 22 horas. La nota publicada en [&hellip;]<\/p>\n","protected":false},"author":3,"featured_media":9814,"comment_status":"open","ping_status":"open","sticky":false,"template":"","format":"standard","meta":{"footnotes":"","jetpack_publicize_message":"","jetpack_publicize_feature_enabled":true,"jetpack_social_post_already_shared":false,"jetpack_social_options":{"image_generator_settings":{"template":"highway","default_image_id":0,"font":"","enabled":false},"version":2}},"categories":[17],"tags":[569,470,1303],"class_list":["post-9812","post","type-post","status-publish","format-standard","has-post-thumbnail","hentry","category-politica","tag-coronavirus","tag-medidas","tag-ola"],"jetpack_publicize_connections":[],"jetpack_featured_media_url":"https:\/\/revistaepocadigital.com.ar\/wp-content\/uploads\/2021\/04\/casarosada-dia.jpg","jetpack_likes_enabled":true,"_links":{"self":[{"href":"https:\/\/revistaepocadigital.com.ar\/index.php?rest_route=\/wp\/v2\/posts\/9812","targetHints":{"allow":["GET"]}}],"collection":[{"href":"https:\/\/revistaepocadigital.com.ar\/index.php?rest_route=\/wp\/v2\/posts"}],"about":[{"href":"https:\/\/revistaepocadigital.com.ar\/index.php?rest_route=\/wp\/v2\/types\/post"}],"author":[{"embeddable":true,"href":"https:\/\/revistaepocadigital.com.ar\/index.php?rest_route=\/wp\/v2\/users\/3"}],"replies":[{"embeddable":true,"href":"https:\/\/revistaepocadigital.com.ar\/index.php?rest_route=%2Fwp%2Fv2%2Fcomments&post=9812"}],"version-history":[{"count":0,"href":"https:\/\/revistaepocadigital.com.ar\/index.php?rest_route=\/wp\/v2\/posts\/9812\/revisions"}],"wp:featuredmedia":[{"embeddable":true,"href":"https:\/\/revistaepocadigital.com.ar\/index.php?rest_route=\/wp\/v2\/media\/9814"}],"wp:attachment":[{"href":"https:\/\/revistaepocadigital.com.ar\/index.php?rest_route=%2Fwp%2Fv2%2Fmedia&parent=9812"}],"wp:term":[{"taxonomy":"category","embeddable":true,"href":"https:\/\/revistaepocadigital.com.ar\/index.php?rest_route=%2Fwp%2Fv2%2Fcategories&post=9812"},{"taxonomy":"post_tag","embeddable":true,"href":"https:\/\/revistaepocadigital.com.ar\/index.php?rest_route=%2Fwp%2Fv2%2Ftags&post=9812"}],"curies":[{"name":"wp","href":"https:\/\/api.w.org\/{rel}","templated":true}]}}