{"id":9818,"date":"2021-04-07T23:19:00","date_gmt":"2021-04-08T02:19:00","guid":{"rendered":"https:\/\/revistaepocadigital.com.ar\/?p=9818"},"modified":"2021-04-07T23:19:41","modified_gmt":"2021-04-08T02:19:41","slug":"las-medidas-del-gobierno-para-enfrentar-el-aumento-de-casos","status":"publish","type":"post","link":"https:\/\/revistaepocadigital.com.ar\/?p=9818","title":{"rendered":"LAS MEDIDAS DEL GOBIERNO PARA ENFRENTAR EL AUMENTO DE CASOS"},"content":{"rendered":"<div class=\"head-content\">\n<h4><strong>EN EL MENSAJE DESDE LA QUINTA DE OLIVOS.<!--more--><\/strong><\/h4>\n<p>El presidente Alberto Fern\u00e1ndez ofreci\u00f3 detalles de las nuevas medidas para contener el coronavirus en el pa\u00eds en una comunicaci\u00f3n a todo el pa\u00eds grabada desde la Quinta de Olivos.<\/p>\n<\/div>\n<div class=\"main-content-block\">\n<div class=\"main-box clearfix\">\n<div class=\"wrapper-main-section clearfix\">\n<div class=\"wrapper-editable-content\">\n<div class=\"editable-content clearfix\">\n<div id=\"image\" class=\"image\"><img decoding=\"async\" title=\"\" src=\"https:\/\/www.telam.com.ar\/advf\/imagenes\/2020\/10\/5f7651a5be59f_1004x565.jpg\" alt=\"\" \/><\/div>\n<div class=\"auth\"><strong>Las nuevas medidas:<\/strong><\/div>\n<p>&#8211; Se suspenden para todo el pa\u00eds los viajes grupales de Egresados y Egresadas, de Estudio y de Grupos Tur\u00edsticos.<\/p>\n<p>&#8211; En las zonas del pa\u00eds consideradas de mediano riesgo epidemiol\u00f3gico y sanitario es facultad y responsabilidad de gobernadores y gobernadoras adoptar en forma temprana medidas que disminuyan la circulaci\u00f3n para prevenir los contagios. Ello es as\u00ed, pues es del resorte exclusivo de las provincias el monitorear y hacer cumplir cualquier medida restrictiva de la circulaci\u00f3n.<\/p>\n<p>&#8211; En las zonas del pa\u00eds donde hay mayor riesgo epidemiol\u00f3gico y sanitario, se tomar\u00e1n adem\u00e1s las siguientes medidas.<\/p>\n<p>a. Se suspenden actividades sociales en domicilios particulares.<\/p>\n<p>b. Se suspenden reuniones sociales en espacios p\u00fablicos al aire libre de m\u00e1s de 20 personas.<\/p>\n<p>c. Se suspenden actividades de Casino, Bingo, Discotecas o cualquier sal\u00f3n de fiestas.<\/p>\n<p>d. Se suspende la pr\u00e1ctica recreativa de cualquier deporte en lugares cerrados donde participen m\u00e1s de 10 personas.<\/p>\n<p>e. Se establece el cierre de los bares y restaurantes a partir de las 23hs.<\/p>\n<p>f. Se proh\u00edbe la circulaci\u00f3n entre las 00.00 y las 06.00 de la ma\u00f1ana de cada d\u00eda. Seg\u00fan las jurisdicciones, las autoridades podr\u00e1n solo ampliar estos horarios en funci\u00f3n de las especificidades de cada lugar.<\/p>\n<div class=\"js-code\">\n<div class=\"flourish-embed flourish-map\" data-src=\"visualisation\/5776277\">\n<div class=\"flourish-credit\"><a href=\"https:\/\/flourish.studio\/visualisations\/maps\/?utm_source=showcase&amp;utm_campaign=visualisation\/5776277\" target=\"_top\" rel=\"noopener\"><img decoding=\"async\" src=\"https:\/\/public.flourish.studio\/resources\/bosh.svg\" alt=\"Flourish logo\" \/>A Flourish map<\/a><\/div>\n<\/div>\n<\/div>\n<p><strong>&#8211; Espec\u00edficamente, en el AMBA<\/strong> s\u00f3lo podr\u00e1n usar el transporte p\u00fablico de pasajeros trabajadores considerados esenciales, toda la comunidad educativa y aquellos que ya fueron expresamente autorizados.<\/p>\n<p>&#8211; Estas medidas de cuidado estar\u00e1n vigentes desde las 0 horas del viernes 9 de abril hasta el 30 de abril. El Gobierno Nacional evaluar\u00e1 cuidadosamente la correcta implementaci\u00f3n de las medidas.<\/p>\n<\/div>\n<\/div>\n<div><\/div>\n<\/div>\n<div class=\"btn_externos\">Fuente: nota Telam.<\/div>\n<\/div>\n<\/div>\n","protected":false},"excerpt":{"rendered":"<p>EN EL MENSAJE DESDE LA QUINTA DE OLIVOS.<\/p>\n","protected":false},"author":3,"featured_media":9819,"comment_status":"open","ping_status":"open","sticky":false,"template":"","format":"standard","meta":{"footnotes":"","jetpack_publicize_message":"","jetpack_publicize_feature_enabled":true,"jetpack_social_post_already_shared":false,"jetpack_social_options":{"image_generator_settings":{"template":"highway","default_image_id":0,"font":"","enabled":false},"version":2}},"categories":[17],"tags":[1304,1305],"class_list":["post-9818","post","type-post","status-publish","format-standard","has-post-thumbnail","hentry","category-politica","tag-medidas-covid","tag-segunda-ola"],"jetpack_publicize_connections":[],"jetpack_featured_media_url":"https:\/\/revistaepocadigital.com.ar\/wp-content\/uploads\/2021\/04\/fernandez..21.jpg","jetpack_likes_enabled":true,"_links":{"self":[{"href":"https:\/\/revistaepocadigital.com.ar\/index.php?rest_route=\/wp\/v2\/posts\/9818","targetHints":{"allow":["GET"]}}],"collection":[{"href":"https:\/\/revistaepocadigital.com.ar\/index.php?rest_route=\/wp\/v2\/posts"}],"about":[{"href":"https:\/\/revistaepocadigital.com.ar\/index.php?rest_route=\/wp\/v2\/types\/post"}],"author":[{"embeddable":true,"href":"https:\/\/revistaepocadigital.com.ar\/index.php?rest_route=\/wp\/v2\/users\/3"}],"replies":[{"embeddable":true,"href":"https:\/\/revistaepocadigital.com.ar\/index.php?rest_route=%2Fwp%2Fv2%2Fcomments&post=9818"}],"version-history":[{"count":0,"href":"https:\/\/revistaepocadigital.com.ar\/index.php?rest_route=\/wp\/v2\/posts\/9818\/revisions"}],"wp:featuredmedia":[{"embeddable":true,"href":"https:\/\/revistaepocadigital.com.ar\/index.php?rest_route=\/wp\/v2\/media\/9819"}],"wp:attachment":[{"href":"https:\/\/revistaepocadigital.com.ar\/index.php?rest_route=%2Fwp%2Fv2%2Fmedia&parent=9818"}],"wp:term":[{"taxonomy":"category","embeddable":true,"href":"https:\/\/revistaepocadigital.com.ar\/index.php?rest_route=%2Fwp%2Fv2%2Fcategories&post=9818"},{"taxonomy":"post_tag","embeddable":true,"href":"https:\/\/revistaepocadigital.com.ar\/index.php?rest_route=%2Fwp%2Fv2%2Ftags&post=9818"}],"curies":[{"name":"wp","href":"https:\/\/api.w.org\/{rel}","templated":true}]}}