{"id":9822,"date":"2021-04-08T00:26:06","date_gmt":"2021-04-08T03:26:06","guid":{"rendered":"https:\/\/revistaepocadigital.com.ar\/?p=9822"},"modified":"2021-04-08T00:32:45","modified_gmt":"2021-04-08T03:32:45","slug":"y-en-medio-del-debate-por-el-recrudecimiento-del-covid-la-presencialidad-en-las-clases","status":"publish","type":"post","link":"https:\/\/revistaepocadigital.com.ar\/?p=9822","title":{"rendered":"Y EN MEDIO DEL DEBATE POR EL RECRUDECIMIENTO DEL COVID, LA PRESENCIALIDAD EN LAS CLASES"},"content":{"rendered":"<div><strong>EL IN\u00c9DITO Y TAN PERJUDICIAL PAR\u00c9NTESIS PRODUCIDO EL A\u00d1O PASADO EN LA EDUCACI\u00d3N.<\/strong><\/div>\n<p><!--more--><\/p>\n<div><\/div>\n<div>Fue uno de los ejes centrales de discusiones, pol\u00e9micas y puntos de vistas disidentes. En 2019, las clases como las conocemos, con los chicos y jovenes en las aulas, no se dieron. Se encontr\u00f3 el paliativo, a medias por cierto, de brindar clases por zoom, la nueva herramienta virtual que &#8220;explot\u00f3&#8221; en cuanto a cantidad de usuarios en el mundo. Tambi\u00e9n, en el caso de la provincia de Buenos Aires, desde la gobernaci\u00f3n fue distribu\u00eddo material did\u00e1ctico para distintas materias que, desde municipalidades y consejos escolares fue entreg\u00e1ndose a establecimientos educativos.<\/div>\n<div><\/div>\n<div>En el medio hubo posiciones encontradas, sectores gremiales docentes oponi\u00e9ndose al reinicio de las clases con los alumnos en las aulas, protocolos establecidos para aplicar a modo de cuidados para alumnos y docentes y m\u00e1s discusiones con muy graves consecuencias para los protagonistas esenciales, los alumnos.<\/div>\n<div><\/div>\n<div>Ante el recrudecimiento de casos de Covid, la segunda ola como se la llama, la presencialidad en las clases volvi\u00f3 a generar debate, si bien sin la virulencia de 2020, coincidiendo autoridades en mantener el actual esquema con alumnos concurriendo a escuelas y colegios, altern\u00e1ndose por &#8220;burbujas&#8221; en las semanas.<\/div>\n<div><\/div>\n<div>Las palabras volcadas por el intendente <strong>Nanni<\/strong> en su muro en la red social Facebook, al referirse a las clases, dio pie a la opini\u00f3n de la docente y directora en la Escuela 16 de <span class=\"tojvnm2t a6sixzi8 abs2jz4q a8s20v7p t1p8iaqh k5wvi7nf q3lfd5jv pk4s997a bipmatt0 cebpdrjk qowsmv63 owwhemhu dp1hu0rb dhp61c6y iyyx5f41\">Echegoyen,<\/span>\u00a0<strong>Reina Flores<\/strong>, quien se manifest\u00f3 a favor de la continuidad del dictado de clases en forma presencial a la vez que plante\u00f3 su queja ante el ritmo de la vacunaci\u00f3n, en su caso, destinada a personal docente y auxiliares.<\/div>\n<div><\/div>\n<div><em>&#8220;Sr. Intendente, personalmente no quiero un cierre de las escuelas, hemos trabajado mucho con mi Comunidad, y lo seguimos haciendo para poder volver a la presencialidad y sostenerla, pero \u00bfqu\u00e9 pasa con las vacunas?. Ninguna de mis auxiliares a\u00fan fueron vacunadas, tenemos solo la primer dosis algunos de los docentes, a m\u00e1s de un mes de la primera. Gestione y cu\u00eddenos tambi\u00e9n a nosotros, voluntad y vocaci\u00f3n nos sobra, pero tampoco a cuesta de nuestra salud&#8221;, <\/em>expres\u00f3 la docente con sentido com\u00fan.<\/div>\n<div dir=\"auto\"><\/div>\n<div dir=\"auto\">Sobre el tema de las clases, EPOCA escuch\u00f3 tambi\u00e9n el parecer de otra docente de una escuela del distrito,<em> &#8220;se est\u00e1 complicando mucho, empiezan a impactar los contactos estrechos con casos positivos&#8221;, c<\/em>oment\u00f3. Sobre la situaci\u00f3n, se debieron suspender la asistencia de alumnos integrados a varias &#8220;burbujas&#8221;, por contactos estrechos. Tambi\u00e9n otra burbuja en su funcionamiento, fue detenido porque una docente hab\u00eda mostrado s\u00edntomas, luego hisopado por suerte, el resultado fue negativo.<\/div>\n<div dir=\"auto\"><\/div>\n<div class=\"ecm0bbzt e5nlhep0 a8c37x1j\">\n<p>Casos positivos que puedan darse en familias con alumnos, pueden resultar otro aspecto para preocupar y seguir muy de cerca,<em> &#8220;mientras podamos sostener la presencialidad lo haremos&#8221;<\/em>, acot\u00f3 la docente que convers\u00f3 con EPOCA quien tambi\u00e9n consider\u00f3 que si bien el aumento de casos pod\u00eda reflejarse en escuelas, <em>&#8220;no se debe a que sean los ni\u00f1os los que presenten s\u00edntomas, sino por estar en contactos con casos positivos<\/em>&#8220;.<\/p>\n<\/div>\n<p>Foto: gentileza Diario La Naci\u00f3n.<\/p>\n<div class=\"ecm0bbzt e5nlhep0 a8c37x1j\">\n<p>&nbsp;<\/p>\n<\/div>\n","protected":false},"excerpt":{"rendered":"<p>EL IN\u00c9DITO Y TAN PERJUDICIAL PAR\u00c9NTESIS PRODUCIDO EL A\u00d1O PASADO EN LA EDUCACI\u00d3N.<\/p>\n","protected":false},"author":4,"featured_media":9833,"comment_status":"open","ping_status":"open","sticky":false,"template":"","format":"standard","meta":{"footnotes":"","jetpack_publicize_message":"","jetpack_publicize_feature_enabled":true,"jetpack_social_post_already_shared":false,"jetpack_social_options":{"image_generator_settings":{"template":"highway","default_image_id":0,"font":"","enabled":false},"version":2}},"categories":[13],"tags":[1206,639,1305],"class_list":["post-9822","post","type-post","status-publish","format-standard","has-post-thumbnail","hentry","category-interes-general","tag-clases","tag-pandemia","tag-segunda-ola"],"jetpack_publicize_connections":[],"jetpack_featured_media_url":"https:\/\/revistaepocadigital.com.ar\/wp-content\/uploads\/2021\/04\/YFV7YOMH3FDANBWHLP3PP7HNZY.jpg","jetpack_likes_enabled":true,"_links":{"self":[{"href":"https:\/\/revistaepocadigital.com.ar\/index.php?rest_route=\/wp\/v2\/posts\/9822","targetHints":{"allow":["GET"]}}],"collection":[{"href":"https:\/\/revistaepocadigital.com.ar\/index.php?rest_route=\/wp\/v2\/posts"}],"about":[{"href":"https:\/\/revistaepocadigital.com.ar\/index.php?rest_route=\/wp\/v2\/types\/post"}],"author":[{"embeddable":true,"href":"https:\/\/revistaepocadigital.com.ar\/index.php?rest_route=\/wp\/v2\/users\/4"}],"replies":[{"embeddable":true,"href":"https:\/\/revistaepocadigital.com.ar\/index.php?rest_route=%2Fwp%2Fv2%2Fcomments&post=9822"}],"version-history":[{"count":0,"href":"https:\/\/revistaepocadigital.com.ar\/index.php?rest_route=\/wp\/v2\/posts\/9822\/revisions"}],"wp:featuredmedia":[{"embeddable":true,"href":"https:\/\/revistaepocadigital.com.ar\/index.php?rest_route=\/wp\/v2\/media\/9833"}],"wp:attachment":[{"href":"https:\/\/revistaepocadigital.com.ar\/index.php?rest_route=%2Fwp%2Fv2%2Fmedia&parent=9822"}],"wp:term":[{"taxonomy":"category","embeddable":true,"href":"https:\/\/revistaepocadigital.com.ar\/index.php?rest_route=%2Fwp%2Fv2%2Fcategories&post=9822"},{"taxonomy":"post_tag","embeddable":true,"href":"https:\/\/revistaepocadigital.com.ar\/index.php?rest_route=%2Fwp%2Fv2%2Ftags&post=9822"}],"curies":[{"name":"wp","href":"https:\/\/api.w.org\/{rel}","templated":true}]}}