{"id":9850,"date":"2021-04-09T00:57:20","date_gmt":"2021-04-09T03:57:20","guid":{"rendered":"https:\/\/revistaepocadigital.com.ar\/?p=9850"},"modified":"2021-04-09T00:57:20","modified_gmt":"2021-04-09T03:57:20","slug":"el-centro-comunitario-de-la-sidrera","status":"publish","type":"post","link":"https:\/\/revistaepocadigital.com.ar\/?p=9850","title":{"rendered":"EL CENTRO COMUNITARIO DE LA SIDRERA"},"content":{"rendered":"<div class=\"rq0escxv l9j0dhe7 du4w35lb\">\n<div class=\"du4w35lb l9j0dhe7 cbu4d94t j83agx80\">\n<div class=\"j83agx80 cbu4d94t l9j0dhe7 jgljxmt5 be9z9djy\">\n<div class=\"j83agx80 cbu4d94t d6urw2fd dp1hu0rb l9j0dhe7 du4w35lb\" data-pagelet=\"page\">\n<div class=\"l9j0dhe7 dp1hu0rb cbu4d94t j83agx80\" role=\"main\">\n<div class=\"bp9cbjyn j83agx80 cbu4d94t d2edcug0\">\n<div class=\"rq0escxv d2edcug0 ecyo15nh k387qaup r24q5c3a hv4rvrfc dati1w0a cxgpxx05\">\n<div class=\"rq0escxv l9j0dhe7 du4w35lb j83agx80 pfnyh3mw taijpn5t gs1a9yip lhclo0ds btwxx1t3 sv5sfqaa o22cckgh obtkqiv7 fop5sh7t\">\n<div class=\"rq0escxv l9j0dhe7 du4w35lb fhuww2h9 hpfvmrgz gile2uim pwa15fzy g5gj957u aov4n071 oi9244e8 bi6gxh9e h676nmdw aghb5jc5\">\n<div class=\"dp1hu0rb d2edcug0 taijpn5t j83agx80 gs1a9yip\">\n<div class=\"k4urcfbm dp1hu0rb d2edcug0 cbu4d94t j83agx80 bp9cbjyn\" role=\"main\">\n<div class=\"k4urcfbm\">\n<div class=\"du4w35lb k4urcfbm l9j0dhe7 sjgh65i0\">\n<div class=\"du4w35lb l9j0dhe7\">\n<div class=\"\">\n<div class=\"\">\n<div class=\"lzcic4wl\" role=\"article\" aria-posinset=\"7\" aria-describedby=\"jsc_c_6r jsc_c_6s jsc_c_6t jsc_c_6v jsc_c_6u\" aria-labelledby=\"jsc_c_6q\">\n<div class=\"j83agx80 cbu4d94t\">\n<div class=\"rq0escxv l9j0dhe7 du4w35lb\">\n<div class=\"j83agx80 l9j0dhe7 k4urcfbm\">\n<div class=\"rq0escxv l9j0dhe7 du4w35lb hybvsw6c io0zqebd m5lcvass fbipl8qg nwvqtn77 k4urcfbm ni8dbmo4 stjgntxs sbcfpzgs\">\n<div>\n<div class=\"\" dir=\"auto\">\n<div id=\"jsc_c_6s\" class=\"ecm0bbzt hv4rvrfc ihqw7lf3 dati1w0a\" data-ad-comet-preview=\"message\" data-ad-preview=\"message\">\n<div class=\"j83agx80 cbu4d94t ew0dbk1b irj2b8pg\">\n<div class=\"qzhwtbm6 knvmm38d\">\n<div class=\"kvgmc6g5 cxmmr5t8 oygrvhab hcukyx3x c1et5uql ii04i59q\">\n<div dir=\"auto\"><strong>SIEMPRE JUNTOS.<!--more--><\/strong><\/div>\n<div dir=\"auto\"><\/div>\n<\/div>\n<div class=\"o9v6fnle cxmmr5t8 oygrvhab hcukyx3x c1et5uql ii04i59q\">\n<div dir=\"auto\">El nombre que eligieron los mismos vecinos del Barrio La Sidrera para el nuevo Centro Comunitario, inaugurado en un acto encabezado por la secretaria de coordinaci\u00f3n, Mar\u00eda Luz Bozzani<\/div>\n<div dir=\"auto\"><\/div>\n<\/div>\n<div class=\"o9v6fnle cxmmr5t8 oygrvhab hcukyx3x c1et5uql ii04i59q\">\n<div dir=\"auto\">La obra se dinamiz\u00f3 a poco de asumir el intendente Diego Nanni, y signific\u00f3 el compromiso de distintos referentes de La Sidrera. Incluso en ese sitio, y como parte de un proyecto integral, ya funcionaba una huerta comunitaria.<\/div>\n<div dir=\"auto\"><\/div>\n<\/div>\n<div class=\"o9v6fnle cxmmr5t8 oygrvhab hcukyx3x c1et5uql ii04i59q\">\n<div dir=\"auto\">Las empresas tambi\u00e9n hicieron su aporte solidario: Campari don\u00f3 un freezer y una cocina industrial de primera marca, mientras que Storage Compat aport\u00f3 numerosos elementos de cocina. Junto a la funcionaria municipal, estuvieron el secretario de gobierno Mat\u00edas Azzalini, la responsable de Desarrollo Comunitario para Los Cardales Mariela Nanni, y referentes de ese barrio.<\/div>\n<\/div>\n<\/div>\n<\/div>\n<\/div>\n<\/div>\n<\/div>\n<div>\n<div class=\"stjgntxs ni8dbmo4 l82x9zwi uo3d90p7 h905i5nu monazrh9\" data-visualcompletion=\"ignore-dynamic\">\n<div class=\"cwj9ozl2 tvmbv18p\">\n<div class=\"ecm0bbzt hv4rvrfc e5nlhep0 dati1w0a j83agx80 btwxx1t3 lzcic4wl\">\n<div class=\"g3eujd1d ni8dbmo4 stjgntxs rz4wbd8a\">\n<div class=\"_25-w\">\n<div class=\"buofh1pr\">\n<div class=\"buofh1pr\">\n<div class=\"buofh1pr\">\n<form class=\"o6r2urh6 l9j0dhe7 b3i9ofy5 e72ty7fz qlfml3jp inkptoze qmr60zad rt8b4zig n8ej3o3l agehan2d sk4xxmp2 j83agx80 bkfpd7mw\" role=\"presentation\">&nbsp;<\/p>\n<\/form>\n<\/div>\n<\/div>\n<\/div>\n<\/div>\n<\/div>\n<\/div>\n<\/div>\n<\/div>\n<\/div>\n<\/div>\n<\/div>\n<\/div>\n<\/div>\n<\/div>\n<\/div>\n<\/div>\n<\/div>\n<\/div>\n<\/div>\n<\/div>\n<\/div>\n<\/div>\n<\/div>\n<\/div>\n<\/div>\n<\/div>\n<\/div>\n<\/div>\n<\/div>\n<\/div>\n<p>&nbsp;<\/p>\n","protected":false},"excerpt":{"rendered":"<p>SIEMPRE JUNTOS.<\/p>\n","protected":false},"author":4,"featured_media":9851,"comment_status":"open","ping_status":"open","sticky":false,"template":"","format":"standard","meta":{"footnotes":"","jetpack_publicize_message":"","jetpack_publicize_feature_enabled":true,"jetpack_social_post_already_shared":false,"jetpack_social_options":{"image_generator_settings":{"template":"highway","default_image_id":0,"font":"","enabled":false},"version":2}},"categories":[6],"tags":[959],"class_list":["post-9850","post","type-post","status-publish","format-standard","has-post-thumbnail","hentry","category-barrios","tag-la-sidrera"],"jetpack_publicize_connections":[],"jetpack_featured_media_url":"https:\/\/revistaepocadigital.com.ar\/wp-content\/uploads\/2021\/04\/nanni-maire-bozani-luz.jpg","jetpack_likes_enabled":true,"_links":{"self":[{"href":"https:\/\/revistaepocadigital.com.ar\/index.php?rest_route=\/wp\/v2\/posts\/9850","targetHints":{"allow":["GET"]}}],"collection":[{"href":"https:\/\/revistaepocadigital.com.ar\/index.php?rest_route=\/wp\/v2\/posts"}],"about":[{"href":"https:\/\/revistaepocadigital.com.ar\/index.php?rest_route=\/wp\/v2\/types\/post"}],"author":[{"embeddable":true,"href":"https:\/\/revistaepocadigital.com.ar\/index.php?rest_route=\/wp\/v2\/users\/4"}],"replies":[{"embeddable":true,"href":"https:\/\/revistaepocadigital.com.ar\/index.php?rest_route=%2Fwp%2Fv2%2Fcomments&post=9850"}],"version-history":[{"count":0,"href":"https:\/\/revistaepocadigital.com.ar\/index.php?rest_route=\/wp\/v2\/posts\/9850\/revisions"}],"wp:featuredmedia":[{"embeddable":true,"href":"https:\/\/revistaepocadigital.com.ar\/index.php?rest_route=\/wp\/v2\/media\/9851"}],"wp:attachment":[{"href":"https:\/\/revistaepocadigital.com.ar\/index.php?rest_route=%2Fwp%2Fv2%2Fmedia&parent=9850"}],"wp:term":[{"taxonomy":"category","embeddable":true,"href":"https:\/\/revistaepocadigital.com.ar\/index.php?rest_route=%2Fwp%2Fv2%2Fcategories&post=9850"},{"taxonomy":"post_tag","embeddable":true,"href":"https:\/\/revistaepocadigital.com.ar\/index.php?rest_route=%2Fwp%2Fv2%2Ftags&post=9850"}],"curies":[{"name":"wp","href":"https:\/\/api.w.org\/{rel}","templated":true}]}}