{"id":9855,"date":"2021-04-09T01:15:43","date_gmt":"2021-04-09T04:15:43","guid":{"rendered":"https:\/\/revistaepocadigital.com.ar\/?p=9855"},"modified":"2021-04-09T01:26:57","modified_gmt":"2021-04-09T04:26:57","slug":"el-raver-para-la-pelota","status":"publish","type":"post","link":"https:\/\/revistaepocadigital.com.ar\/?p=9855","title":{"rendered":"El Raver para la pelota"},"content":{"rendered":"<div class=\"o9v6fnle cxmmr5t8 oygrvhab hcukyx3x c1et5uql ii04i59q\">\n<div dir=\"auto\"><strong>RESOLUCIONES DE LA ENTIDAD ANTE EL MOMENTO ACTUAL.<!--more--><\/strong><\/div>\n<div dir=\"auto\"><\/div>\n<div dir=\"auto\">Dadas las conocidas restricciones impuestas por el recrudecimiento de la pandemia en el pa\u00eds, y para cumplir con disposiciones correspondientes a la Fase 3, la comisi\u00f3n directiva del Club Ingeniero Raver, hizo saber que a partir del d\u00eda 9 y hasta el 30 de abril tom\u00f3 medidas.<\/div>\n<div dir=\"auto\"><\/div>\n<div dir=\"auto\">Todas las actividades grupales no podr\u00e1n superar los diez integrantes, tanto para clases al aire libre como en los ambientes cerrados. En el caso de competencias por la liga se deber\u00e1 solicitar el permiso al municipio con cinco d\u00edas de antelaci\u00f3n, y en ning\u00fan caso se permitir\u00e1 la asistencia de p\u00fablico.<\/div>\n<div dir=\"auto\"><\/div>\n<div dir=\"auto\">El cierre diario del club ser\u00e1 a las 20 horas. Abog\u00f3 la directiva, por la &#8220;salud de todos, y esperamos poder muy pronto volver a la totalidad de nuestras actividades&#8221;.<\/div>\n<\/div>\n<p>&nbsp;<\/p>\n","protected":false},"excerpt":{"rendered":"<p>RESOLUCIONES DE LA ENTIDAD ANTE EL MOMENTO ACTUAL.<\/p>\n","protected":false},"author":3,"featured_media":9856,"comment_status":"open","ping_status":"open","sticky":false,"template":"","format":"standard","meta":{"footnotes":"","jetpack_publicize_message":"","jetpack_publicize_feature_enabled":true,"jetpack_social_post_already_shared":false,"jetpack_social_options":{"image_generator_settings":{"template":"highway","default_image_id":0,"font":"","enabled":false},"version":2}},"categories":[4],"tags":[],"class_list":["post-9855","post","type-post","status-publish","format-standard","has-post-thumbnail","hentry","category-aqui-los-cardales"],"jetpack_publicize_connections":[],"jetpack_featured_media_url":"https:\/\/revistaepocadigital.com.ar\/wp-content\/uploads\/2021\/04\/images.jpg","jetpack_likes_enabled":true,"_links":{"self":[{"href":"https:\/\/revistaepocadigital.com.ar\/index.php?rest_route=\/wp\/v2\/posts\/9855","targetHints":{"allow":["GET"]}}],"collection":[{"href":"https:\/\/revistaepocadigital.com.ar\/index.php?rest_route=\/wp\/v2\/posts"}],"about":[{"href":"https:\/\/revistaepocadigital.com.ar\/index.php?rest_route=\/wp\/v2\/types\/post"}],"author":[{"embeddable":true,"href":"https:\/\/revistaepocadigital.com.ar\/index.php?rest_route=\/wp\/v2\/users\/3"}],"replies":[{"embeddable":true,"href":"https:\/\/revistaepocadigital.com.ar\/index.php?rest_route=%2Fwp%2Fv2%2Fcomments&post=9855"}],"version-history":[{"count":0,"href":"https:\/\/revistaepocadigital.com.ar\/index.php?rest_route=\/wp\/v2\/posts\/9855\/revisions"}],"wp:featuredmedia":[{"embeddable":true,"href":"https:\/\/revistaepocadigital.com.ar\/index.php?rest_route=\/wp\/v2\/media\/9856"}],"wp:attachment":[{"href":"https:\/\/revistaepocadigital.com.ar\/index.php?rest_route=%2Fwp%2Fv2%2Fmedia&parent=9855"}],"wp:term":[{"taxonomy":"category","embeddable":true,"href":"https:\/\/revistaepocadigital.com.ar\/index.php?rest_route=%2Fwp%2Fv2%2Fcategories&post=9855"},{"taxonomy":"post_tag","embeddable":true,"href":"https:\/\/revistaepocadigital.com.ar\/index.php?rest_route=%2Fwp%2Fv2%2Ftags&post=9855"}],"curies":[{"name":"wp","href":"https:\/\/api.w.org\/{rel}","templated":true}]}}