{"id":989,"date":"2018-12-27T10:35:15","date_gmt":"2018-12-27T13:35:15","guid":{"rendered":"https:\/\/revistaepocadigital.com.ar\/?p=989"},"modified":"2018-12-27T10:35:15","modified_gmt":"2018-12-27T13:35:15","slug":"a-los-radicales-que-reclaman-los-invito-a-participar-el-comite-esta-abierto-que-traigan-sus-ideas","status":"publish","type":"post","link":"https:\/\/revistaepocadigital.com.ar\/?p=989","title":{"rendered":"&#8220;A los radicales que reclaman, los invito a participar, el Comit\u00e9 est\u00e1 abierto, que traigan sus ideas&#8221;"},"content":{"rendered":"<p><strong>LA UNION C\u00cdVICA RADICAL CON NUEVA CONDUCCI\u00d3N.<\/strong><!--more--><\/p>\n<p><strong>Carlos Ram\u00edrez<\/strong> es el nuevo presidente del <strong>Comit\u00e9 de la UCR de Exaltaci\u00f3n de la Cruz;<\/strong> lo acompa\u00f1an al frente del radicalismo local Marina Ferreyra como vicepresidente, Ver\u00f3nica Ludwig Dreir (secretaria general), Jos\u00e9 Mar\u00eda Shmidt (tesorero) y el anterior titular Juan Carlos C\u00e1ndido como convencional titular. Los vocales son Marcelo Passardi, Graciela Abalos, N\u00e9stor Gallegos, Cristina De Vivo, Osvaldo Guti\u00e9rres, Carlos Troielli y Mirta Vald\u00e9z.<\/p>\n<p>Integrante de la <strong>alianza Cambiemos<\/strong>, \u00bfhacia donde<strong> apunta<\/strong> el <strong>radicalismo en Exaltaci\u00f3n de la Cruz<\/strong>?. EPOCA entrevist\u00f3 al hombre que ha pasado a conducirlo, <strong>Carlos Ram\u00edrez,<\/strong> nacido en La Pampa, vive en Los Cardales, tiene 58 a\u00f1os, es viudo y tiene tres hijos. <em>&#8220;Milito en la UCR hace 35 a\u00f1os, desde el a\u00f1o 1983&#8221;,<\/em> cuenta Ram\u00edrez quien es Chef profesional (cocinero y pastelero) luego de estudiar con el siempre recordado Gato Dumas y con Guillermo Calabrese. En la actualidad se desempe\u00f1a como organizador de catering para eventos y viandas empresariales.<\/p>\n<p><strong>-\u00bfQue lo llev\u00f3 a postularse como presidente UCR de Ex. de la Cruz?<\/strong><br \/>\n<em>-Despu\u00e9s de varias charlas con la Mesa Chica del Comit\u00e9, me propuso Juan Carlos C\u00e1ndido s\u00ed quer\u00eda ser presidente. Acept\u00e9 <\/em><em>con mucho agrado la postulacion, y armamos la Lista Boinas Blancas. Me acompa\u00f1\u00f3 en el trabajo y armado de la lista Ver\u00f3nica <\/em><em>Ludwig Dreier, Mari<\/em>na <em>Ferreyra y Jos\u00e9 Mar\u00eda Schmith. As\u00ed llegamos a un consenso en cuanto a la postulacion y luego la tarea fue reunir los avales necesarios para formar la misma. Agradezco a todos los correligionarios por su apoyo sin dudas, el resultado fue que alcanz\u00e1ramos una lista \u00fanica al no presentarse otra. Nos hemos constitu\u00eddo entonces com las autoridades del Comit\u00e9, y tenemos dos a\u00f1os por delante para trabajar con el afiliado y el vecino de Exaltaci\u00f3n de la Cruz.<\/em><\/p>\n<p><strong>-La UCR de Ex. de la Cruz, en torno a la alianza con Cambiemos, y con usted al frente del partido, \u00bfapostar\u00e1 a la continuidad <\/strong><strong>o analizan otras estrategias?<\/strong><br \/>\n<em>-Voy a seguir y apostar a la continuidad de Cambiemos. Necesitamos un cambio profundo en las pol\u00edticas de Exaltaci\u00f3n de la Cruz. Un cambio profundo en la forma de hacer pol\u00edtica, un cambio profundo en la forma de trabajo, un cambio profundo para solucionar los problemas que tenemos los vecinos.<\/em><\/p>\n<p><strong>-A prop\u00f3sito de la pregunta anterior, no pas\u00f3 desapercibida la presencia en el acto en el que asumieron las nuevas <\/strong><strong>autoridades de la UCR, la del titular de Cambiemos y presidente del HCD, Raul Sancho<\/strong>.<br \/>\n<em>-As\u00ed es, el 12 de diciembre se invit\u00f3 a la segunda secci\u00f3n electoral de la UCR, a la se\u00f1ora Ester Junco por la C\u00edvica, al Dr <\/em><em>Ra\u00fal Sancho, presidente del Concejo Deliberante y referente de Cambiemos. Nosotros apoyamos y trabajamos con este equipo que <\/em><em>es Cambiemos. Por otra parte, tambi\u00e9n estuvieron presentes el Dr. Patricio Diez,<\/em> <em>presidente del Consejo Escolar, nos acompa\u00f1aron los concejales Susana Aguilar, Claudio Gonzalez y Ariel Herling, adem\u00e1s Pablo de Brito, Director del Pami y Oscar Diez, presidente de la Sociedad Rural de Ex. de la Cruz, Z\u00e1rate y Campana<\/em>.<\/p>\n<p>&#8211;<strong>A nivel nacional, provincial, se notado que la UCR pretende m\u00e1s protagonismo y mas presencia de radicales dentro de la alianza con Cambiemos, \u00bfcual ser\u00e1 la postura en Ex de la Cruz?<\/strong><br \/>\n&#8211;<em>Sabemos de la situaci\u00f3n y de la cr\u00edtica que tenemos en el radicalismo. Le vamos a dar m\u00e1s espacio a la UCR. Como UCR pensamos en una Argentina unida, trabajando en conjunto para poder crecer, y ser la Argentina pujante que todos pretendemos. Con m\u00e1s trabajo, m\u00e1s seguridad, m\u00e1s obras p\u00fablicas. Somos un partido centenario, con experiencia y tambi\u00e9n con autocr\u00edtica.<\/em><\/p>\n<p><strong>-Existen radicales en Ex. de la Cruz, que le reclaman al partido y por ende a la conduccion, una postura mas cr\u00edtica y firme respecto a la actual administraci\u00f3n municipal, e incluso con respecto al gobierno provincial y nacional. \u00bfCual es su punto de vista?<\/strong><br \/>\n<em>-A los radicales que reclaman, yo los invito a participar. El Comit\u00e9 esta abierto, que traigan sus ideas, que nos ayuden a llevar la bandera radical. De las cr\u00edticas se sacan las cosas positivas, tenemos que integrarnos y participar. En lo que hace al gobierno local, encontramos muchas falencias. Se a hecho muy poco por ejemplo en Capilla del Se\u00f1or, Los Cardales, Parada Robles, en el corredor de la ruta 8, en Diego Gaynor por citar algunos puntos. Falta mucha obra p\u00fablica, faltan caminos asfaltados,<\/em> <em>se ve el abandono que hay a simple vista. Por otro lado, se pueden comprobar lo problemas con la recolecci\u00f3n de basura, con el anegamiento de calles, existen falencias de infraestructura como lo son la falta de cloacas y agua corriente, los caminos rurales son<\/em> <em>intransitables.<\/em><\/p>\n<figure id=\"attachment_994\" aria-describedby=\"caption-attachment-994\" style=\"width: 748px\" class=\"wp-caption alignnone\"><img loading=\"lazy\" decoding=\"async\" class=\"size-full wp-image-994\" src=\"https:\/\/revistaepocadigital.com.ar\/wp-content\/uploads\/2018\/12\/ucr-conducc18a.jpg\" alt=\"\" width=\"748\" height=\"484\" srcset=\"https:\/\/revistaepocadigital.com.ar\/wp-content\/uploads\/2018\/12\/ucr-conducc18a.jpg 748w, https:\/\/revistaepocadigital.com.ar\/wp-content\/uploads\/2018\/12\/ucr-conducc18a-300x194.jpg 300w, https:\/\/revistaepocadigital.com.ar\/wp-content\/uploads\/2018\/12\/ucr-conducc18a-696x450.jpg 696w, https:\/\/revistaepocadigital.com.ar\/wp-content\/uploads\/2018\/12\/ucr-conducc18a-649x420.jpg 649w\" sizes=\"auto, (max-width: 748px) 100vw, 748px\" \/><figcaption id=\"caption-attachment-994\" class=\"wp-caption-text\">La concejal Aguilar, Ram\u00edrez junto a la nueva conducci\u00f3n del radicalismo y Ra\u00fal Sancho, presidente del HCD y referente de Cambiemos, en el acto que asumieron las autoridades.<\/figcaption><\/figure>\n<p><strong>-\u00bfC\u00f3mo avisora el mapa electoral en Exaltaci\u00f3n de la Cruz para 2019, considerando que es un a\u00f1o electoral clave?<\/strong><br \/>\n<em>-El mapa electoral para las elecciones del 2019 lo veo a favor de Cambiemos. Van a presentarse como candidatos varios referentes locales; nos vamos a encontrar con muchas alianzas impensadas, tan s\u00f3lo para querer debilitar a Cambiemos en su resultado. Pero al final de la contienda electoral, el resultado va a ser positivo, como lo fue en el 2017 a favor de Cambiemos con Ra\u00fal Sancho a la cabeza.<\/em><\/p>\n<p>&nbsp;<\/p>\n<p>Fotos: prensa UCR Ex. de la Cruz.<\/p>\n","protected":false},"excerpt":{"rendered":"<p>LA UNION C\u00cdVICA RADICAL CON NUEVA CONDUCCI\u00d3N.<\/p>\n","protected":false},"author":3,"featured_media":993,"comment_status":"open","ping_status":"open","sticky":false,"template":"","format":"standard","meta":{"footnotes":"","jetpack_publicize_message":"","jetpack_publicize_feature_enabled":true,"jetpack_social_post_already_shared":false,"jetpack_social_options":{"image_generator_settings":{"template":"highway","default_image_id":0,"font":"","enabled":false},"version":2}},"categories":[17],"tags":[37,103],"class_list":["post-989","post","type-post","status-publish","format-standard","has-post-thumbnail","hentry","category-politica","tag-destacada","tag-presidente-ucr"],"jetpack_publicize_connections":[],"jetpack_featured_media_url":"https:\/\/revistaepocadigital.com.ar\/wp-content\/uploads\/2018\/12\/ramirez-ucr18.jpeg","jetpack_likes_enabled":true,"_links":{"self":[{"href":"https:\/\/revistaepocadigital.com.ar\/index.php?rest_route=\/wp\/v2\/posts\/989","targetHints":{"allow":["GET"]}}],"collection":[{"href":"https:\/\/revistaepocadigital.com.ar\/index.php?rest_route=\/wp\/v2\/posts"}],"about":[{"href":"https:\/\/revistaepocadigital.com.ar\/index.php?rest_route=\/wp\/v2\/types\/post"}],"author":[{"embeddable":true,"href":"https:\/\/revistaepocadigital.com.ar\/index.php?rest_route=\/wp\/v2\/users\/3"}],"replies":[{"embeddable":true,"href":"https:\/\/revistaepocadigital.com.ar\/index.php?rest_route=%2Fwp%2Fv2%2Fcomments&post=989"}],"version-history":[{"count":0,"href":"https:\/\/revistaepocadigital.com.ar\/index.php?rest_route=\/wp\/v2\/posts\/989\/revisions"}],"wp:featuredmedia":[{"embeddable":true,"href":"https:\/\/revistaepocadigital.com.ar\/index.php?rest_route=\/wp\/v2\/media\/993"}],"wp:attachment":[{"href":"https:\/\/revistaepocadigital.com.ar\/index.php?rest_route=%2Fwp%2Fv2%2Fmedia&parent=989"}],"wp:term":[{"taxonomy":"category","embeddable":true,"href":"https:\/\/revistaepocadigital.com.ar\/index.php?rest_route=%2Fwp%2Fv2%2Fcategories&post=989"},{"taxonomy":"post_tag","embeddable":true,"href":"https:\/\/revistaepocadigital.com.ar\/index.php?rest_route=%2Fwp%2Fv2%2Ftags&post=989"}],"curies":[{"name":"wp","href":"https:\/\/api.w.org\/{rel}","templated":true}]}}