{"id":9899,"date":"2021-04-19T20:48:54","date_gmt":"2021-04-19T23:48:54","guid":{"rendered":"https:\/\/revistaepocadigital.com.ar\/?p=9899"},"modified":"2021-04-21T01:20:51","modified_gmt":"2021-04-21T04:20:51","slug":"llegaron-mas-vacunas-contra-el-covid-a-exaltacion-de-la-cruz","status":"publish","type":"post","link":"https:\/\/revistaepocadigital.com.ar\/?p=9899","title":{"rendered":"Llegaron m\u00e1s vacunas contra el Covid a Exaltaci\u00f3n de la Cruz"},"content":{"rendered":"<div class=\"kvgmc6g5 cxmmr5t8 oygrvhab hcukyx3x c1et5uql ii04i59q\">\n<div dir=\"auto\"><strong>LA VACUNACI\u00d3N.<\/strong><\/div>\n<\/div>\n<p><!--more--><\/p>\n<div dir=\"auto\">\n<div class=\"kvgmc6g5 cxmmr5t8 oygrvhab hcukyx3x c1et5uql ii04i59q\">\n<div dir=\"auto\">Arribaron (20\/4) 300 nuevas dosis de vacunas para la campa\u00f1a contra el Covid, que se aplicaban en los dos vacunatorios que funcionan en el distrito, uno en el Hospital San Jos\u00e9 de Capilla del Se\u00f1or, y el restante en el Complejo Andr\u00e9s Salgado.<\/div>\n<div dir=\"auto\"><\/div>\n<\/div>\n<div class=\"o9v6fnle cxmmr5t8 oygrvhab hcukyx3x c1et5uql ii04i59q\">\n<div dir=\"auto\">Al 20\/4 se colocaron 8383 vacunas, de las cuales 7253 corresponden a la primera dosis, y 1130 a la restante dosis de la vacuna Sputnik V. Hasta el 18\/4 se hab\u00edan inscripto 17147 personas para recibir la vacuna.<\/div>\n<\/div>\n<\/div>\n<div dir=\"auto\"><\/div>\n<div dir=\"auto\"><\/div>\n<div dir=\"auto\" style=\"text-align: center;\"><\/div>\n<div dir=\"auto\" style=\"text-align: center;\"><strong>&#8230;&#8230;&#8230;&#8230;&#8230;&#8230;&#8230;&#8230;&#8230;&#8230;&#8230;&#8230;&#8230;&#8230;&#8230;<\/strong><\/div>\n<div dir=\"auto\"><\/div>\n<div dir=\"auto\"><\/div>\n<div dir=\"auto\"><strong>NOTA ANTERIOR<\/strong><\/div>\n<div dir=\"auto\"><\/div>\n<div dir=\"auto\"><\/div>\n<div dir=\"auto\"><\/div>\n<div dir=\"auto\"><\/div>\n<div class=\"o9v6fnle cxmmr5t8 oygrvhab hcukyx3x c1et5uql ii04i59q\">\n<div dir=\"auto\">Llegaron m\u00e1s vacunas a Exaltaci\u00f3n de la Cruz y contin\u00faa la campa\u00f1a contra el Covid-19, en un trabajo continuo de dos vacunatorios: El que funciona en el Complejo Andr\u00e9s Salgado, y en el Hospital San Jos\u00e9.<\/div>\n<div dir=\"auto\"><\/div>\n<\/div>\n<div class=\"o9v6fnle cxmmr5t8 oygrvhab hcukyx3x c1et5uql ii04i59q\">\n<div dir=\"auto\">Las nuevas dosis arribaron (12\/4) y luego del proceso administrativo de control, de inmediato se procedi\u00f3 a aplicarlas. El objetivo es seguir avanzando con la vacunaci\u00f3n, lo m\u00e1s r\u00e1pido posible.<\/div>\n<div dir=\"auto\"><\/div>\n<\/div>\n<div class=\"o9v6fnle cxmmr5t8 oygrvhab hcukyx3x c1et5uql ii04i59q\">\n<div dir=\"auto\">Quienes quieran recibir su vacuna, deben inscribirse en vacunatepba.gba.gob.ar. Luego la provincia de Buenos Aires te enviar\u00e1 tu turno y lugar de vacunaci\u00f3n. Anotate. Nos cuidamos entre todos.<\/div>\n<\/div>\n","protected":false},"excerpt":{"rendered":"<p>LA VACUNACI\u00d3N.<\/p>\n","protected":false},"author":4,"featured_media":9900,"comment_status":"open","ping_status":"open","sticky":false,"template":"","format":"standard","meta":{"footnotes":"","jetpack_publicize_message":"","jetpack_publicize_feature_enabled":true,"jetpack_social_post_already_shared":false,"jetpack_social_options":{"image_generator_settings":{"template":"highway","default_image_id":0,"font":"","enabled":false},"version":2}},"categories":[13,14],"tags":[894],"class_list":["post-9899","post","type-post","status-publish","format-standard","has-post-thumbnail","hentry","category-interes-general","category-la-gente","tag-vacunacion"],"jetpack_publicize_connections":[],"jetpack_featured_media_url":"https:\/\/revistaepocadigital.com.ar\/wp-content\/uploads\/2021\/04\/171520870_4259458350773758_6867422120566785249_n.jpg","jetpack_likes_enabled":true,"_links":{"self":[{"href":"https:\/\/revistaepocadigital.com.ar\/index.php?rest_route=\/wp\/v2\/posts\/9899","targetHints":{"allow":["GET"]}}],"collection":[{"href":"https:\/\/revistaepocadigital.com.ar\/index.php?rest_route=\/wp\/v2\/posts"}],"about":[{"href":"https:\/\/revistaepocadigital.com.ar\/index.php?rest_route=\/wp\/v2\/types\/post"}],"author":[{"embeddable":true,"href":"https:\/\/revistaepocadigital.com.ar\/index.php?rest_route=\/wp\/v2\/users\/4"}],"replies":[{"embeddable":true,"href":"https:\/\/revistaepocadigital.com.ar\/index.php?rest_route=%2Fwp%2Fv2%2Fcomments&post=9899"}],"version-history":[{"count":0,"href":"https:\/\/revistaepocadigital.com.ar\/index.php?rest_route=\/wp\/v2\/posts\/9899\/revisions"}],"wp:featuredmedia":[{"embeddable":true,"href":"https:\/\/revistaepocadigital.com.ar\/index.php?rest_route=\/wp\/v2\/media\/9900"}],"wp:attachment":[{"href":"https:\/\/revistaepocadigital.com.ar\/index.php?rest_route=%2Fwp%2Fv2%2Fmedia&parent=9899"}],"wp:term":[{"taxonomy":"category","embeddable":true,"href":"https:\/\/revistaepocadigital.com.ar\/index.php?rest_route=%2Fwp%2Fv2%2Fcategories&post=9899"},{"taxonomy":"post_tag","embeddable":true,"href":"https:\/\/revistaepocadigital.com.ar\/index.php?rest_route=%2Fwp%2Fv2%2Ftags&post=9899"}],"curies":[{"name":"wp","href":"https:\/\/api.w.org\/{rel}","templated":true}]}}