{"id":9910,"date":"2021-04-14T09:43:57","date_gmt":"2021-04-14T12:43:57","guid":{"rendered":"https:\/\/revistaepocadigital.com.ar\/?p=9910"},"modified":"2021-04-14T09:45:54","modified_gmt":"2021-04-14T12:45:54","slug":"rosita-te-vamos-a-extranar","status":"publish","type":"post","link":"https:\/\/revistaepocadigital.com.ar\/?p=9910","title":{"rendered":"ROSITA, TE VAMOS A EXTRA\u00d1AR"},"content":{"rendered":"<p><strong>UNA VECINA ENTRA\u00d1ABLE.<\/strong><!--more--><\/p>\n<p>Hace 30 a\u00f1os, el 5 de julio del 90, abri\u00f3 sus puertas la Despensa El Milagro de Rosita Ocampo. Seguramente no imagin\u00f3 ese d\u00eda de qu\u00e9 manera tan profunda marcar\u00eda la vida de toda la comunidad de Los Cardales\u2026<\/p>\n<p>Sin dudas, sus tortas fritas fueron la vedette de toda su cocina, pero la marca registrada, que hac\u00eda volver una y otra vez a sus clientes, era ella con su sonrisa y su manera amable y cordial de tratar a todos. Sus manos m\u00e1gicas daban vida a la comida casera que recordaba sabores de la infancia, mimos de abuelas y mam\u00e1s ya ausentes. Por unos pocos pesos uno pod\u00eda llevarse a casa felicidad inst\u00e1ntanea en forma de pasteles, bocadillos de acelga, torta de manzana y tantas otras exquisiteces.<\/p>\n<p>Sus tortas fritas merecieron un p\u00e1rrafo aparte, eran sin\u00f3nimo de tardes de lluvia y recreos de la escuela. Imposible no tentarse si al pasar por el frente el aroma nos llamaba desde el canasto sobre el mostrador.<\/p>\n<p><img loading=\"lazy\" decoding=\"async\" class=\"aligncenter size-full wp-image-9915\" src=\"https:\/\/revistaepocadigital.com.ar\/wp-content\/uploads\/2021\/04\/rosita-1.jpg\" alt=\"\" width=\"404\" height=\"404\" srcset=\"https:\/\/revistaepocadigital.com.ar\/wp-content\/uploads\/2021\/04\/rosita-1.jpg 404w, https:\/\/revistaepocadigital.com.ar\/wp-content\/uploads\/2021\/04\/rosita-1-300x300.jpg 300w, https:\/\/revistaepocadigital.com.ar\/wp-content\/uploads\/2021\/04\/rosita-1-150x150.jpg 150w\" sizes=\"auto, (max-width: 404px) 100vw, 404px\" \/><\/p>\n<p>&nbsp;<\/p>\n<p>El 15 de julio de 2017 cerr\u00f3 sus puertas, porque Rosita quer\u00eda descansar, disfrutar de su familia y amigos. Desde un posteo de FM Los Cardales, cientos de vecinos la despidieron agradeci\u00e9ndole por tantos a\u00f1os de entrega.<\/p>\n<p>En medio de la pandemia amas\u00f3, en su casa, m\u00e1s de doscientas docenas de tortas fritas para una venta a beneficio del Peque\u00f1o Hogar Exaltaci\u00f3n, que se hizo el 20 de junio en el Club Raver. Porque as\u00ed era ella, todo coraz\u00f3n, toda solidaridad, siempre dispuesta a tender la mano a quien la necesitara.<\/p>\n<p>Hace unos d\u00edas, un s\u00e1bado (10\/4) lluvioso y gris, se fue. Luego de varios d\u00edas de pelear en la terapia intensiva del Hospital San Jos\u00e9.<\/p>\n<p>Se fue Rosita, y se llev\u00f3 con ella el amor de todo un pueblo, que la despide como se despide a una t\u00eda querida, una abuela. Esas que saben de mimos con sabor a cosas ricas\u2026 Gracias.<\/p>\n<p>Por Graciela Venturino<\/p>\n","protected":false},"excerpt":{"rendered":"<p>UNA VECINA ENTRA\u00d1ABLE.<\/p>\n","protected":false},"author":3,"featured_media":9913,"comment_status":"open","ping_status":"open","sticky":false,"template":"","format":"standard","meta":{"footnotes":"","jetpack_publicize_message":"","jetpack_publicize_feature_enabled":true,"jetpack_social_post_already_shared":false,"jetpack_social_options":{"image_generator_settings":{"template":"highway","default_image_id":0,"font":"","enabled":false},"version":2}},"categories":[4],"tags":[423,405,1292],"class_list":["post-9910","post","type-post","status-publish","format-standard","has-post-thumbnail","hentry","category-aqui-los-cardales","tag-cardales","tag-fallecimiento","tag-rosita"],"jetpack_publicize_connections":[],"jetpack_featured_media_url":"https:\/\/revistaepocadigital.com.ar\/wp-content\/uploads\/2021\/04\/ROSITA..jpg","jetpack_likes_enabled":true,"_links":{"self":[{"href":"https:\/\/revistaepocadigital.com.ar\/index.php?rest_route=\/wp\/v2\/posts\/9910","targetHints":{"allow":["GET"]}}],"collection":[{"href":"https:\/\/revistaepocadigital.com.ar\/index.php?rest_route=\/wp\/v2\/posts"}],"about":[{"href":"https:\/\/revistaepocadigital.com.ar\/index.php?rest_route=\/wp\/v2\/types\/post"}],"author":[{"embeddable":true,"href":"https:\/\/revistaepocadigital.com.ar\/index.php?rest_route=\/wp\/v2\/users\/3"}],"replies":[{"embeddable":true,"href":"https:\/\/revistaepocadigital.com.ar\/index.php?rest_route=%2Fwp%2Fv2%2Fcomments&post=9910"}],"version-history":[{"count":0,"href":"https:\/\/revistaepocadigital.com.ar\/index.php?rest_route=\/wp\/v2\/posts\/9910\/revisions"}],"wp:featuredmedia":[{"embeddable":true,"href":"https:\/\/revistaepocadigital.com.ar\/index.php?rest_route=\/wp\/v2\/media\/9913"}],"wp:attachment":[{"href":"https:\/\/revistaepocadigital.com.ar\/index.php?rest_route=%2Fwp%2Fv2%2Fmedia&parent=9910"}],"wp:term":[{"taxonomy":"category","embeddable":true,"href":"https:\/\/revistaepocadigital.com.ar\/index.php?rest_route=%2Fwp%2Fv2%2Fcategories&post=9910"},{"taxonomy":"post_tag","embeddable":true,"href":"https:\/\/revistaepocadigital.com.ar\/index.php?rest_route=%2Fwp%2Fv2%2Ftags&post=9910"}],"curies":[{"name":"wp","href":"https:\/\/api.w.org\/{rel}","templated":true}]}}