{"id":9949,"date":"2021-04-15T19:35:44","date_gmt":"2021-04-15T22:35:44","guid":{"rendered":"https:\/\/revistaepocadigital.com.ar\/?p=9949"},"modified":"2021-04-16T19:03:09","modified_gmt":"2021-04-16T22:03:09","slug":"15-mil-pesos-refuerzo-para-casi-un-millon-de-asignaciones-universales","status":"publish","type":"post","link":"https:\/\/revistaepocadigital.com.ar\/?p=9949","title":{"rendered":"EL LUNES 26 COMIENZA EL PAGO DEL REFUERZO DE 15.000 PESOS"},"content":{"rendered":"<div class=\"msg-body P_wpofO mq_AS\" data-test-id=\"message-view-body-content\">\n<div class=\"jb_0 X_6MGW N_6Fd5\">\n<div id=\"yiv1772023834\">\n<div class=\"yiv1772023834WordSection1\">\n<div class=\"I_52qC D_FY W_6D6F\" data-test-id=\"message-view-body\">\n<div class=\"msg-body P_wpofO mq_AS\" data-test-id=\"message-view-body-content\">\n<div class=\"jb_0 X_6MGW N_6Fd5\">\n<div>\n<div id=\"yiv4306384790\">\n<div>\n<div class=\"yiv4306384790WordSection1\">\n<p class=\"yiv4306384790xmsonormal\"><b>LOS PRIMEROS SON AQUELLOS CON DNI TERMINADOS EN 0 (CERO).<!--more--><\/b><\/p>\n<p class=\"yiv4306384790xmsonormal\" align=\"center\"><b>\u00a0<\/b><\/p>\n<p class=\"yiv4306384790xmsonormal\"><i>\u201cCon el objetivo de proteger a los argentinos y argentinas en materia de salud e ingresos, a partir del lunes 26 de abril<\/i>\u00a0<i>casi un <\/i><i>mill\u00f3n de personas que cobran la <strong>Asignaci\u00f3n Universal por Hijo y por Embarazo y titulares de Asignaciones Familiares para monotributistas A y B, que viven en <\/strong><\/i><strong><i>el AMBA, recibir\u00e1n por \u00fanica vez un refuerzo de 15 mil pesos<\/i>\u201d<\/strong>, declar\u00f3 la directora ejecutiva de la ANSES, <b>Fernanda Raverta<\/b>, ante medios radiales.<\/p>\n<p class=\"yiv4306384790xmsonormal\">Asimismo, aclar\u00f3: \u201c<i>Hicimos 700 denuncias penales en lo que va del a\u00f1o por tr\u00e1mites fraudulentos, por eso es bueno recordar que no se debe realizar ning\u00fan tr\u00e1mite adicional para recibir este refuerzo, que no se abona con el cronograma habitual porque ten\u00edamos que esperar al 10 de mayo y la ANSES tiene la posibilidad e inteligencia para hacerlo antes. El pago es por familia y no por hijo y<\/i>\u00a0<i>podr\u00eda llegar a ampliarse a otros distritos\u201d.<\/i><\/p>\n<p class=\"yiv4306384790xmsonormal\">En relaci\u00f3n a las posiciones en contra de las \u00faltimas medidas tomadas por el gobierno, <b>Raverta<\/b>\u00a0expres\u00f3:\u00a0<i>\u201cTenemos una oposici\u00f3n que genera confusi\u00f3n, des\u00e1nimo y desesperanza, por eso vivo con tristeza lo que sucede; para nosotros no es un esfuerzo ponernos en el lugar del otro, la mayor\u00eda de la gente est\u00e1 esperando que el Estado se ocupe de cuidar la vida y la salud y de generar condiciones de desarrollo. Ya aprendimos que la pandemia no impacta a todos en el mismo momento ni de igual manera\u201d<\/i>.<\/p>\n<\/div>\n<\/div>\n<\/div>\n<\/div>\n<\/div>\n<\/div>\n<\/div>\n<div class=\"H_7jIs D_F ab_C Q_69H5 E_36RhU\" data-test-id=\"toolbar-hover-area\">\n<div class=\"D_F W_6D6F r_BN gl_C\" data-test-id=\"card-toolbar\"><\/div>\n<\/div>\n<p>&nbsp;<\/p>\n<p><strong>MMMMMMMMMMMMMMMMMMMMMMMMMMMMMMMMMMMMMMMMMMMMMMMM<\/strong><\/p>\n<p>NOTA 15-4-2021<\/p>\n<p>&nbsp;<\/p>\n<p>&nbsp;<\/p>\n<p class=\"yiv1772023834MsoNormal\"><b><span lang=\"ES\">ANTE LA SUBA DE CONTAGIOS DE COVID.<!--more--><\/span><\/b><\/p>\n<p class=\"yiv1772023834MsoNormal\"><strong>La ANSES, por decisi\u00f3n del Presidente de la Naci\u00f3n<\/strong><strong>, Alberto Fern\u00e1ndez<\/strong><strong>, efectuar\u00e1 el pago de un Refuerzo de la Asignaci\u00f3n Universal por Hijo (AUH) de 15.000 pesos que alcanzar\u00e1\u00a0<\/strong><strong>a casi un mill\u00f3n de familias en el \u00c1rea Metropolitana de Buenos Aires (AMBA). <\/strong><strong>Lo anunci\u00f3 en Casa Rosada la directora ejecutiva del organismo previsional,\u00a0<\/strong><strong>Fernanda Raverta<\/strong><strong>, junto al ministro de Trabajo,\u00a0<\/strong><strong>Claudio Moroni<\/strong><strong>.<\/strong><\/p>\n<p class=\"yiv1772023834MsoNormal\"><strong>\u00a0<\/strong>En las \u00faltimas semanas hubo un incremento de contagios diarios, por lo que se plantearon restricciones en la circulaci\u00f3n para cuidar la salud de los argentinos. En ese sentido, y atendiendo a los sectores m\u00e1s vulnerables, el Refuerzo se destinar\u00e1 a\u00a0<strong>familias que reciben\u00a0<\/strong><strong>la AUH, madres<\/strong><strong>\u00a0<\/strong><strong>beneficiarias de la Asignaci\u00f3n Universal por Embarazo (AUE) y titulares de Asignaciones Familiares (AAFF) para monotributistas A y B.<\/strong><\/p>\n<p class=\"yiv1772023834MsoNormal\"><strong>\u00a0<\/strong><strong>Durante el anuncio,\u00a0<\/strong><strong>Raverta<\/strong><strong>\u00a0sostuvo: \u201c<i>Esta ayuda econ\u00f3mica refuerza la idea de empezar por los m\u00e1s vulnerables, a los que m\u00e1s ha afectado la pobreza<\/i>\u201d. Y agreg\u00f3: \u201c<i>Estamos obligados a acompa\u00f1ar a quienes m\u00e1s lo necesiten y no dejar a nadie solo. Cada argentino y argentina cuenta con este Gobierno para acompa\u00f1arlo en este tiempo dif\u00edcil<\/i>&#8220;.<\/strong><\/p>\n<p class=\"yiv1772023834MsoNormal\"><strong>\u00a0<\/strong><strong>El calendario de pago del refuerzo iniciar\u00e1 en el AMBA <\/strong><strong>el lunes 26 de abril con beneficiarios cuyo DNI termine en cero<\/strong><strong>. En los pr\u00f3ximos d\u00edas, a medida que los distintos gobiernos provinciales adhieran al decreto presidencial, se ir\u00e1 anunciando las fechas de pago para el resto del pa\u00eds.\u00a0<\/strong><strong>La inversi\u00f3n del Gobierno Nacional prevista para el Refuerzo en esta primera etapa es de casi 15 mil millones de pesos.<\/strong><\/p>\n<p class=\"yiv1772023834MsoNormal\"><strong>\u00a0<\/strong><strong>Los beneficiaros<\/strong><strong>\u00a0<\/strong><strong>no deber\u00e1n hacer tramites adicionales<\/strong><strong>, recibir\u00e1n el refuerzo en el medio de pago habitual.<\/strong><\/p>\n<\/div>\n<\/div>\n<\/div>\n<\/div>\n","protected":false},"excerpt":{"rendered":"<p>LOS PRIMEROS SON AQUELLOS CON DNI TERMINADOS EN 0 (CERO).<\/p>\n","protected":false},"author":3,"featured_media":9952,"comment_status":"open","ping_status":"open","sticky":false,"template":"","format":"standard","meta":{"footnotes":"","jetpack_publicize_message":"","jetpack_publicize_feature_enabled":true,"jetpack_social_post_already_shared":false,"jetpack_social_options":{"image_generator_settings":{"template":"highway","default_image_id":0,"font":"","enabled":false},"version":2}},"categories":[13],"tags":[21,999,1317],"class_list":["post-9949","post","type-post","status-publish","format-standard","has-post-thumbnail","hentry","category-interes-general","tag-anses","tag-auh","tag-paago-refuerzo"],"jetpack_publicize_connections":[],"jetpack_featured_media_url":"https:\/\/revistaepocadigital.com.ar\/wp-content\/uploads\/2021\/04\/239577_1.jpg","jetpack_likes_enabled":true,"_links":{"self":[{"href":"https:\/\/revistaepocadigital.com.ar\/index.php?rest_route=\/wp\/v2\/posts\/9949","targetHints":{"allow":["GET"]}}],"collection":[{"href":"https:\/\/revistaepocadigital.com.ar\/index.php?rest_route=\/wp\/v2\/posts"}],"about":[{"href":"https:\/\/revistaepocadigital.com.ar\/index.php?rest_route=\/wp\/v2\/types\/post"}],"author":[{"embeddable":true,"href":"https:\/\/revistaepocadigital.com.ar\/index.php?rest_route=\/wp\/v2\/users\/3"}],"replies":[{"embeddable":true,"href":"https:\/\/revistaepocadigital.com.ar\/index.php?rest_route=%2Fwp%2Fv2%2Fcomments&post=9949"}],"version-history":[{"count":0,"href":"https:\/\/revistaepocadigital.com.ar\/index.php?rest_route=\/wp\/v2\/posts\/9949\/revisions"}],"wp:featuredmedia":[{"embeddable":true,"href":"https:\/\/revistaepocadigital.com.ar\/index.php?rest_route=\/wp\/v2\/media\/9952"}],"wp:attachment":[{"href":"https:\/\/revistaepocadigital.com.ar\/index.php?rest_route=%2Fwp%2Fv2%2Fmedia&parent=9949"}],"wp:term":[{"taxonomy":"category","embeddable":true,"href":"https:\/\/revistaepocadigital.com.ar\/index.php?rest_route=%2Fwp%2Fv2%2Fcategories&post=9949"},{"taxonomy":"post_tag","embeddable":true,"href":"https:\/\/revistaepocadigital.com.ar\/index.php?rest_route=%2Fwp%2Fv2%2Ftags&post=9949"}],"curies":[{"name":"wp","href":"https:\/\/api.w.org\/{rel}","templated":true}]}}